{"id":14840,"date":"2022-07-01T14:35:19","date_gmt":"2022-07-01T12:35:19","guid":{"rendered":"https:\/\/www.svzweckel.de\/?p=14840"},"modified":"2022-07-01T14:45:34","modified_gmt":"2022-07-01T12:45:34","slug":"neuverpflichtungen","status":"publish","type":"post","link":"https:\/\/www.svzweckel.de\/?p=14840","title":{"rendered":"Neuverpflichtungen"},"content":{"rendered":"\n<p>Die Planungen f\u00fcr die neue Saison laufen auf Hochtouren. Unabh\u00e4ngig von der Spielklasse, in welcher der SV Zweckel auflaufen wird, kann der Vorstand bis jetzt drei Neuzug\u00e4nge bekannt geben. <\/p>\n\n\n\n<p>Serkan K\u00f6se (siehe Bild) hat schon zweimal f\u00fcr den SV Zweckel die Fu\u00dfballschuhe geschn\u00fcrt und spielte insbesondere von 2015 bis 2017 in der Ober- und Westfalenliga f\u00fcr die Schwarz-Gr\u00fcnen.<\/p>\n\n\n\n<p>Mit Anfang 30 ist der Mittelfeldspieler genau der richtige Mann, seine Erfahrung aus unterschiedlichen Ligen und Vereinen an die junge Mannschaft weiterzugeben. <br><br>Aus der Jugend des SV Zweckel schaffte Saher Ayhan, im Bild noch im Trikot der A-Jugend des SV Zweckel, im Jahr 2016 den Sprung in die 1. Mannschaft und absolvierte dort einige Spiele in der Westfalen- und Landesliga. Der Offensivspieler wohnt in Zweckel und wechselt von Preu\u00dfen Sutum zum SV Zweckel.<\/p>\n\n\n<div class=\"wp-block-image\">\n<figure class=\"aligncenter size-full\"><img data-recalc-dims=\"1\" loading=\"lazy\" decoding=\"async\" width=\"429\" height=\"321\" src=\"https:\/\/i0.wp.com\/www.svzweckel.de\/wp-content\/uploads\/2022\/07\/Ayhan.jpg?resize=429%2C321&#038;ssl=1\" alt=\"\" class=\"wp-image-14845\" srcset=\"https:\/\/i0.wp.com\/www.svzweckel.de\/wp-content\/uploads\/2022\/07\/Ayhan.jpg?w=429&amp;ssl=1 429w, https:\/\/i0.wp.com\/www.svzweckel.de\/wp-content\/uploads\/2022\/07\/Ayhan.jpg?resize=300%2C224&amp;ssl=1 300w, https:\/\/i0.wp.com\/www.svzweckel.de\/wp-content\/uploads\/2022\/07\/Ayhan.jpg?resize=150%2C112&amp;ssl=1 150w, https:\/\/i0.wp.com\/www.svzweckel.de\/wp-content\/uploads\/2022\/07\/Ayhan.jpg?resize=100%2C75&amp;ssl=1 100w, https:\/\/i0.wp.com\/www.svzweckel.de\/wp-content\/uploads\/2022\/07\/Ayhan.jpg?resize=50%2C37&amp;ssl=1 50w, https:\/\/i0.wp.com\/www.svzweckel.de\/wp-content\/uploads\/2022\/07\/Ayhan.jpg?resize=25%2C19&amp;ssl=1 25w, https:\/\/i0.wp.com\/www.svzweckel.de\/wp-content\/uploads\/2022\/07\/Ayhan.jpg?resize=160%2C120&amp;ssl=1 160w\" sizes=\"auto, (max-width: 429px) 100vw, 429px\" \/><figcaption>Saher Ayhan<\/figcaption><\/figure>\n<\/div>\n\n\n<p><br>F\u00fcr die Torwartposition ist Tugay Ayasli vorgesehen, der in der letzten Saison in der Bezirksliga beim VFL Kemminghausen unter Vertrag stand. Davor lief der 1,92m gro\u00dfe Keeper unter anderem f\u00fcr den VfB H\u00fcls und den FC Bottrop auf. <\/p>\n\n\n\n<p><\/p>\n\n\n\n<p><\/p>\n","protected":false},"excerpt":{"rendered":"<p>Die Planungen f\u00fcr die neue Saison laufen auf Hochtouren. Unabh\u00e4ngig von der Spielklasse, in welcher der SV Zweckel auflaufen wird, kann der Vorstand bis jetzt drei Neuzug\u00e4nge bekannt geben. Serkan K\u00f6se (siehe Bild) hat schon zweimal f\u00fcr den SV Zweckel die Fu\u00dfballschuhe geschn\u00fcrt und spielte insbesondere von 2015 bis 2017 in der Ober- und Westfalenliga [&hellip;]<\/p>\n","protected":false},"author":3,"featured_media":3337,"comment_status":"open","ping_status":"closed","sticky":false,"template":"","format":"standard","meta":{"_jetpack_memberships_contains_paid_content":false,"footnotes":"","jetpack_publicize_message":"","jetpack_publicize_feature_enabled":true,"jetpack_social_post_already_shared":false,"jetpack_social_options":{"image_generator_settings":{"template":"highway","default_image_id":0,"font":"","enabled":false},"version":2}},"categories":[2],"tags":[],"class_list":["post-14840","post","type-post","status-publish","format-standard","has-post-thumbnail","hentry","category-1-mannschaft"],"jetpack_publicize_connections":[],"jetpack_featured_media_url":"https:\/\/i0.wp.com\/www.svzweckel.de\/wp-content\/uploads\/2015\/08\/P8097717-e1656677737770.jpg?fit=768%2C576&ssl=1","jetpack_sharing_enabled":true,"_links":{"self":[{"href":"https:\/\/www.svzweckel.de\/index.php?rest_route=\/wp\/v2\/posts\/14840","targetHints":{"allow":["GET"]}}],"collection":[{"href":"https:\/\/www.svzweckel.de\/index.php?rest_route=\/wp\/v2\/posts"}],"about":[{"href":"https:\/\/www.svzweckel.de\/index.php?rest_route=\/wp\/v2\/types\/post"}],"author":[{"embeddable":true,"href":"https:\/\/www.svzweckel.de\/index.php?rest_route=\/wp\/v2\/users\/3"}],"replies":[{"embeddable":true,"href":"https:\/\/www.svzweckel.de\/index.php?rest_route=%2Fwp%2Fv2%2Fcomments&post=14840"}],"version-history":[{"count":0,"href":"https:\/\/www.svzweckel.de\/index.php?rest_route=\/wp\/v2\/posts\/14840\/revisions"}],"wp:featuredmedia":[{"embeddable":true,"href":"https:\/\/www.svzweckel.de\/index.php?rest_route=\/wp\/v2\/media\/3337"}],"wp:attachment":[{"href":"https:\/\/www.svzweckel.de\/index.php?rest_route=%2Fwp%2Fv2%2Fmedia&parent=14840"}],"wp:term":[{"taxonomy":"category","embeddable":true,"href":"https:\/\/www.svzweckel.de\/index.php?rest_route=%2Fwp%2Fv2%2Fcategories&post=14840"},{"taxonomy":"post_tag","embeddable":true,"href":"https:\/\/www.svzweckel.de\/index.php?rest_route=%2Fwp%2Fv2%2Ftags&post=14840"}],"curies":[{"name":"wp","href":"https:\/\/api.w.org\/{rel}","templated":true}]}}