{"id":14892,"date":"2022-07-07T15:41:08","date_gmt":"2022-07-07T13:41:08","guid":{"rendered":"https:\/\/www.svzweckel.de\/?p=14892"},"modified":"2022-07-07T19:43:44","modified_gmt":"2022-07-07T17:43:44","slug":"vorlaeufige-einteilung-der-staffel-9-bezirksliga","status":"publish","type":"post","link":"https:\/\/www.svzweckel.de\/?p=14892","title":{"rendered":"Vorl\u00e4ufige Einteilung der Staffel 9 (Bezirksliga)"},"content":{"rendered":"\n<ol class=\"wp-block-list\"><li>Viktoria Resse (Absteiger LL 3)<\/li><li>VfB Kirchhellen 1920 (umgruppiert von BL 14 in BL 9)<\/li><li>Erler SV (Absteiger LL 3)<\/li><li>BV Rentfort (umgruppiert von BL 14 in BL 9)<\/li><li>SV Zweckel (Absteiger BL 14 &#8211; unter Vorbehalt wg. ausstehender Sportgerichtsentscheidung)<\/li><li>FSM Gladbeck (Kreis Gelsenkirchen \u2013 unter Vorbehalt wg. ausstehender Sportgerichtsentscheidung)<\/li><li>SG Herne 70 (Herne) (umgruppiert von BL 10 in BL 9)<\/li><li>RW T\u00fcrkspor (Kreis Herne)<\/li><li>SV Ge-Hessler 06 (umgruppiert von BL 14 in BL 9)<\/li><li>DJK Wattenscheid (Absteiger LL 3)<\/li><li>Genclikspor Recklinghausen (umgruppiert von BL 14 in BL 9)<\/li><li>VfB G\u00fcnnigfeld (umgruppiert von BL 10 in BL 9)<\/li><li>VfB H\u00fcls (umgruppiert von BL 14 in BL 9)<\/li><li>SC Hassel (umgruppiert von BL 14 in BL 9)<\/li><li>SF Stuckenbusch (umgruppiert von BL 14 in BL 9)<\/li><li>SV Vestia Disteln (umgruppiert von BL 14 in BL 9)<\/li><li>FC Marl (umgruppiert von BL 14 in die BL 9)<\/li><li>BV Hiltrop (Kreis Bochum)<\/li><\/ol>\n\n\n\n<p>Die vorstehende Staffeleinteilung ist noch vorl\u00e4ufig, da \u00fcber die Teilnahme am Spielbetrieb f\u00fcr FSM Gladbeck und den SV Zweckel noch das Sportgericht des FLVW entscheiden wird.<\/p>\n\n\n\n<p>Nach Hinweis durch den Staffelleiter Klaus Overwien soll die Entscheidung f\u00fcr den SV Zweckel in den n\u00e4chsten 10 Tagen fallen.<\/p>\n","protected":false},"excerpt":{"rendered":"<p>Viktoria Resse (Absteiger LL 3) VfB Kirchhellen 1920 (umgruppiert von BL 14 in BL 9) Erler SV (Absteiger LL 3) BV Rentfort (umgruppiert von BL 14 in BL 9) SV Zweckel (Absteiger BL 14 &#8211; unter Vorbehalt wg. ausstehender Sportgerichtsentscheidung) FSM Gladbeck (Kreis Gelsenkirchen \u2013 unter Vorbehalt wg. ausstehender Sportgerichtsentscheidung) SG Herne 70 (Herne) (umgruppiert [&hellip;]<\/p>\n","protected":false},"author":3,"featured_media":14321,"comment_status":"open","ping_status":"closed","sticky":false,"template":"","format":"standard","meta":{"_jetpack_memberships_contains_paid_content":false,"footnotes":"","jetpack_publicize_message":"","jetpack_publicize_feature_enabled":true,"jetpack_social_post_already_shared":false,"jetpack_social_options":{"image_generator_settings":{"template":"highway","default_image_id":0,"font":"","enabled":false},"version":2}},"categories":[2],"tags":[],"class_list":["post-14892","post","type-post","status-publish","format-standard","has-post-thumbnail","hentry","category-1-mannschaft"],"jetpack_publicize_connections":[],"jetpack_featured_media_url":"https:\/\/i0.wp.com\/www.svzweckel.de\/wp-content\/uploads\/2022\/02\/Trillerpfeife.jpg?fit=612%2C375&ssl=1","jetpack_sharing_enabled":true,"_links":{"self":[{"href":"https:\/\/www.svzweckel.de\/index.php?rest_route=\/wp\/v2\/posts\/14892","targetHints":{"allow":["GET"]}}],"collection":[{"href":"https:\/\/www.svzweckel.de\/index.php?rest_route=\/wp\/v2\/posts"}],"about":[{"href":"https:\/\/www.svzweckel.de\/index.php?rest_route=\/wp\/v2\/types\/post"}],"author":[{"embeddable":true,"href":"https:\/\/www.svzweckel.de\/index.php?rest_route=\/wp\/v2\/users\/3"}],"replies":[{"embeddable":true,"href":"https:\/\/www.svzweckel.de\/index.php?rest_route=%2Fwp%2Fv2%2Fcomments&post=14892"}],"version-history":[{"count":0,"href":"https:\/\/www.svzweckel.de\/index.php?rest_route=\/wp\/v2\/posts\/14892\/revisions"}],"wp:featuredmedia":[{"embeddable":true,"href":"https:\/\/www.svzweckel.de\/index.php?rest_route=\/wp\/v2\/media\/14321"}],"wp:attachment":[{"href":"https:\/\/www.svzweckel.de\/index.php?rest_route=%2Fwp%2Fv2%2Fmedia&parent=14892"}],"wp:term":[{"taxonomy":"category","embeddable":true,"href":"https:\/\/www.svzweckel.de\/index.php?rest_route=%2Fwp%2Fv2%2Fcategories&post=14892"},{"taxonomy":"post_tag","embeddable":true,"href":"https:\/\/www.svzweckel.de\/index.php?rest_route=%2Fwp%2Fv2%2Ftags&post=14892"}],"curies":[{"name":"wp","href":"https:\/\/api.w.org\/{rel}","templated":true}]}}