{"id":14897,"date":"2022-07-07T19:56:00","date_gmt":"2022-07-07T17:56:00","guid":{"rendered":"https:\/\/www.svzweckel.de\/?p=14897"},"modified":"2022-07-07T19:57:57","modified_gmt":"2022-07-07T17:57:57","slug":"trainingsauftakt-der-ersten-3","status":"publish","type":"post","link":"https:\/\/www.svzweckel.de\/?p=14897","title":{"rendered":"Trainingsauftakt der Ersten"},"content":{"rendered":"\n<p>Am heutigen Donnerstag riefen Trainer G\u00fcnter Appelt und Co-Trainer Timon Reschke zum Trainingsauftakt. Der Gro\u00dfteil des letztj\u00e4hrigen Teams fand sich neben einigen potenziellen Neuzug\u00e4ngen an der Platzanlage in Zweckel ein, um anschlie\u00dfend zur ersten Einheit in den Wittringer Wald zu starten. <\/p>\n\n\n\n<p>Der Rasenplatz in Zweckel ist noch gesperrt, was jedoch zu Beginn der Vorbereitungszeit noch nicht gravierend ins Gewicht f\u00e4llt. <\/p>\n\n\n\n<p>In den n\u00e4chsten Tagen wird die Mannschaft noch einige Male im Wittringer Wald anzutreffen sein, ehe die ersten Trainigseinheiten auf der Platzanlage an der Dorstener Stra\u00dfe anstehen.<\/p>\n","protected":false},"excerpt":{"rendered":"<p>Am heutigen Donnerstag riefen Trainer G\u00fcnter Appelt und Co-Trainer Timon Reschke zum Trainingsauftakt. Der Gro\u00dfteil des letztj\u00e4hrigen Teams fand sich neben einigen potenziellen Neuzug\u00e4ngen an der Platzanlage in Zweckel ein, um anschlie\u00dfend zur ersten Einheit in den Wittringer Wald zu starten. Der Rasenplatz in Zweckel ist noch gesperrt, was jedoch zu Beginn der Vorbereitungszeit noch [&hellip;]<\/p>\n","protected":false},"author":3,"featured_media":14895,"comment_status":"open","ping_status":"closed","sticky":false,"template":"","format":"standard","meta":{"_jetpack_memberships_contains_paid_content":false,"footnotes":"","jetpack_publicize_message":"","jetpack_publicize_feature_enabled":true,"jetpack_social_post_already_shared":false,"jetpack_social_options":{"image_generator_settings":{"template":"highway","default_image_id":0,"font":"","enabled":false},"version":2}},"categories":[2],"tags":[],"class_list":["post-14897","post","type-post","status-publish","format-standard","has-post-thumbnail","hentry","category-1-mannschaft"],"jetpack_publicize_connections":[],"jetpack_featured_media_url":"https:\/\/i0.wp.com\/www.svzweckel.de\/wp-content\/uploads\/2022\/07\/DSC02217-Klein-1-e1657216496668.jpg?fit=548%2C352&ssl=1","jetpack_sharing_enabled":true,"_links":{"self":[{"href":"https:\/\/www.svzweckel.de\/index.php?rest_route=\/wp\/v2\/posts\/14897","targetHints":{"allow":["GET"]}}],"collection":[{"href":"https:\/\/www.svzweckel.de\/index.php?rest_route=\/wp\/v2\/posts"}],"about":[{"href":"https:\/\/www.svzweckel.de\/index.php?rest_route=\/wp\/v2\/types\/post"}],"author":[{"embeddable":true,"href":"https:\/\/www.svzweckel.de\/index.php?rest_route=\/wp\/v2\/users\/3"}],"replies":[{"embeddable":true,"href":"https:\/\/www.svzweckel.de\/index.php?rest_route=%2Fwp%2Fv2%2Fcomments&post=14897"}],"version-history":[{"count":0,"href":"https:\/\/www.svzweckel.de\/index.php?rest_route=\/wp\/v2\/posts\/14897\/revisions"}],"wp:featuredmedia":[{"embeddable":true,"href":"https:\/\/www.svzweckel.de\/index.php?rest_route=\/wp\/v2\/media\/14895"}],"wp:attachment":[{"href":"https:\/\/www.svzweckel.de\/index.php?rest_route=%2Fwp%2Fv2%2Fmedia&parent=14897"}],"wp:term":[{"taxonomy":"category","embeddable":true,"href":"https:\/\/www.svzweckel.de\/index.php?rest_route=%2Fwp%2Fv2%2Fcategories&post=14897"},{"taxonomy":"post_tag","embeddable":true,"href":"https:\/\/www.svzweckel.de\/index.php?rest_route=%2Fwp%2Fv2%2Ftags&post=14897"}],"curies":[{"name":"wp","href":"https:\/\/api.w.org\/{rel}","templated":true}]}}