{"id":14901,"date":"2022-07-08T14:32:01","date_gmt":"2022-07-08T12:32:01","guid":{"rendered":"https:\/\/www.svzweckel.de\/?p=14901"},"modified":"2022-07-09T15:45:40","modified_gmt":"2022-07-09T13:45:40","slug":"vorbereitungsstart-der-zweiten","status":"publish","type":"post","link":"https:\/\/www.svzweckel.de\/?p=14901","title":{"rendered":"Vorbereitungsstart der Zweiten"},"content":{"rendered":"\n<p>Auch die zweite Mannschaft ist Anfang dieser Woche in die Vorbereitung auf die neue Saison gestartet. Obwohl man noch nicht wei\u00df in welcher Liga die Zweitvertretung ab Mitte August antritt, soll der Grundstein f\u00fcr eine erfolgreichere Saison fr\u00fch genug gelegt werden. <\/p>\n\n\n\n<p>Zum Trainingsauftakt am vergangenen Montag kamen \u00fcber 20 Spieler am Sportplatz zusammen, unter denen sich auch einige neue Gesichter befanden. Mit Christian Lisztner, Tom Schlieper, Patrick Fink und Abdullah Ay konnte die Reserve neue Spieler f\u00fcr sich gewinnen. Hinzu kommen aus der Jugend Justin Wienert, Paul Wingartz und Fabio Oppat, welche auch schon zum Schluss der vergangenen Saison bei fast jedem Spiel aushalfen. Zur Unterst\u00fctzung des Torh\u00fcter-Teams konnte die Zweite sich mit Dominik Groschke einen alten Bekannten ins Team holen. <\/p>\n\n\n\n<p>Neben zwei Laufeinheiten absolvierte die Mannschaft am vergangenen Donnerstag auch ein 90 min\u00fctiges Fitness-Training bei den Boxfreunden Gladbeck, welches alle Anwesenden bis an die absolute Grenze f\u00fchrte. Abgeschlossen wird die erste Woche mit dem ersten Vorbereitungsspiel am Sonntag, den 10.07.2022 um 15:00 Uhr, beim Bezirksliga-Absteiger DJK Vierlinden. <\/p>\n","protected":false},"excerpt":{"rendered":"<p>Auch die zweite Mannschaft ist Anfang dieser Woche in die Vorbereitung auf die neue Saison gestartet. Obwohl man noch nicht wei\u00df in welcher Liga die Zweitvertretung ab Mitte August antritt, soll der Grundstein f\u00fcr eine erfolgreichere Saison fr\u00fch genug gelegt werden. Zum Trainingsauftakt am vergangenen Montag kamen \u00fcber 20 Spieler am Sportplatz zusammen, unter denen [&hellip;]<\/p>\n","protected":false},"author":3,"featured_media":14902,"comment_status":"open","ping_status":"closed","sticky":false,"template":"","format":"standard","meta":{"_jetpack_memberships_contains_paid_content":false,"footnotes":"","jetpack_publicize_message":"","jetpack_publicize_feature_enabled":true,"jetpack_social_post_already_shared":false,"jetpack_social_options":{"image_generator_settings":{"template":"highway","default_image_id":0,"font":"","enabled":false},"version":2}},"categories":[20,3],"tags":[],"class_list":["post-14901","post","type-post","status-publish","format-standard","has-post-thumbnail","hentry","category-2-mannschaft","category-allgemein"],"jetpack_publicize_connections":[],"jetpack_featured_media_url":"https:\/\/i0.wp.com\/www.svzweckel.de\/wp-content\/uploads\/2022\/07\/WhatsApp-Image-2022-07-04-at-20.33.19.jpeg?fit=800%2C387&ssl=1","jetpack_sharing_enabled":true,"_links":{"self":[{"href":"https:\/\/www.svzweckel.de\/index.php?rest_route=\/wp\/v2\/posts\/14901","targetHints":{"allow":["GET"]}}],"collection":[{"href":"https:\/\/www.svzweckel.de\/index.php?rest_route=\/wp\/v2\/posts"}],"about":[{"href":"https:\/\/www.svzweckel.de\/index.php?rest_route=\/wp\/v2\/types\/post"}],"author":[{"embeddable":true,"href":"https:\/\/www.svzweckel.de\/index.php?rest_route=\/wp\/v2\/users\/3"}],"replies":[{"embeddable":true,"href":"https:\/\/www.svzweckel.de\/index.php?rest_route=%2Fwp%2Fv2%2Fcomments&post=14901"}],"version-history":[{"count":0,"href":"https:\/\/www.svzweckel.de\/index.php?rest_route=\/wp\/v2\/posts\/14901\/revisions"}],"wp:featuredmedia":[{"embeddable":true,"href":"https:\/\/www.svzweckel.de\/index.php?rest_route=\/wp\/v2\/media\/14902"}],"wp:attachment":[{"href":"https:\/\/www.svzweckel.de\/index.php?rest_route=%2Fwp%2Fv2%2Fmedia&parent=14901"}],"wp:term":[{"taxonomy":"category","embeddable":true,"href":"https:\/\/www.svzweckel.de\/index.php?rest_route=%2Fwp%2Fv2%2Fcategories&post=14901"},{"taxonomy":"post_tag","embeddable":true,"href":"https:\/\/www.svzweckel.de\/index.php?rest_route=%2Fwp%2Fv2%2Ftags&post=14901"}],"curies":[{"name":"wp","href":"https:\/\/api.w.org\/{rel}","templated":true}]}}