{"id":14926,"date":"2022-07-12T13:09:25","date_gmt":"2022-07-12T11:09:25","guid":{"rendered":"https:\/\/www.svzweckel.de\/?p=14926"},"modified":"2022-07-12T13:56:47","modified_gmt":"2022-07-12T11:56:47","slug":"kennenlernen-an-der-dorstener-strasse","status":"publish","type":"post","link":"https:\/\/www.svzweckel.de\/?p=14926","title":{"rendered":"Kennenlernen an der Dorstener Stra\u00dfe"},"content":{"rendered":"\n<p>Am Montagabend trafen sich Vertreter der Vereine SV Zweckel und SW B\u00fclse an der Sportanlage des SV Zweckel an der Dorstener Stra\u00dfe.<\/p>\n\n\n\n<p>In lockerer Atmosph\u00e4re stellten sich die Vorst\u00e4nde vor und tauschten sich \u00fcber das zuk\u00fcnftige Miteinander auf der Sportanlage an der Baulandstra\u00dfe aus. Wissensst\u00e4nde wurden abgeglichen, Informationen ausgetauscht und Vorstellungen und W\u00fcnsche diskutiert.<\/p>\n\n\n\n<p>Im Ergebnis bleibt festzustellen, dass beide Vereine nahe beieinander liegen und daran interessiert sind, f\u00fcr den jeweiligen Verein die Chancen einer neuen Sportanlage wahrzunehmen und partnerschaftlich und fair mit dem jeweils anderen Verein umzugehen. <\/p>\n","protected":false},"excerpt":{"rendered":"<p>Am Montagabend trafen sich Vertreter der Vereine SV Zweckel und SW B\u00fclse an der Sportanlage des SV Zweckel an der Dorstener Stra\u00dfe. In lockerer Atmosph\u00e4re stellten sich die Vorst\u00e4nde vor und tauschten sich \u00fcber das zuk\u00fcnftige Miteinander auf der Sportanlage an der Baulandstra\u00dfe aus. Wissensst\u00e4nde wurden abgeglichen, Informationen ausgetauscht und Vorstellungen und W\u00fcnsche diskutiert. Im [&hellip;]<\/p>\n","protected":false},"author":3,"featured_media":14909,"comment_status":"open","ping_status":"closed","sticky":false,"template":"","format":"standard","meta":{"_jetpack_memberships_contains_paid_content":false,"footnotes":"","jetpack_publicize_message":"","jetpack_publicize_feature_enabled":true,"jetpack_social_post_already_shared":false,"jetpack_social_options":{"image_generator_settings":{"template":"highway","default_image_id":0,"font":"","enabled":false},"version":2}},"categories":[3,32],"tags":[],"class_list":["post-14926","post","type-post","status-publish","format-standard","has-post-thumbnail","hentry","category-allgemein","category-verein"],"jetpack_publicize_connections":[],"jetpack_featured_media_url":"https:\/\/i0.wp.com\/www.svzweckel.de\/wp-content\/uploads\/2022\/07\/wp-16575710541025425801645399636148-scaled-e1657624121367.jpg?fit=851%2C329&ssl=1","jetpack_sharing_enabled":true,"_links":{"self":[{"href":"https:\/\/www.svzweckel.de\/index.php?rest_route=\/wp\/v2\/posts\/14926","targetHints":{"allow":["GET"]}}],"collection":[{"href":"https:\/\/www.svzweckel.de\/index.php?rest_route=\/wp\/v2\/posts"}],"about":[{"href":"https:\/\/www.svzweckel.de\/index.php?rest_route=\/wp\/v2\/types\/post"}],"author":[{"embeddable":true,"href":"https:\/\/www.svzweckel.de\/index.php?rest_route=\/wp\/v2\/users\/3"}],"replies":[{"embeddable":true,"href":"https:\/\/www.svzweckel.de\/index.php?rest_route=%2Fwp%2Fv2%2Fcomments&post=14926"}],"version-history":[{"count":0,"href":"https:\/\/www.svzweckel.de\/index.php?rest_route=\/wp\/v2\/posts\/14926\/revisions"}],"wp:featuredmedia":[{"embeddable":true,"href":"https:\/\/www.svzweckel.de\/index.php?rest_route=\/wp\/v2\/media\/14909"}],"wp:attachment":[{"href":"https:\/\/www.svzweckel.de\/index.php?rest_route=%2Fwp%2Fv2%2Fmedia&parent=14926"}],"wp:term":[{"taxonomy":"category","embeddable":true,"href":"https:\/\/www.svzweckel.de\/index.php?rest_route=%2Fwp%2Fv2%2Fcategories&post=14926"},{"taxonomy":"post_tag","embeddable":true,"href":"https:\/\/www.svzweckel.de\/index.php?rest_route=%2Fwp%2Fv2%2Ftags&post=14926"}],"curies":[{"name":"wp","href":"https:\/\/api.w.org\/{rel}","templated":true}]}}