{"id":14946,"date":"2022-07-17T17:40:58","date_gmt":"2022-07-17T15:40:58","guid":{"rendered":"https:\/\/www.svzweckel.de\/?p=14946"},"modified":"2022-07-17T17:40:59","modified_gmt":"2022-07-17T15:40:59","slug":"klarer-sieg-im-ersten-vorbereitungsspiel","status":"publish","type":"post","link":"https:\/\/www.svzweckel.de\/?p=14946","title":{"rendered":"Klarer Sieg im ersten Vorbereitungsspiel"},"content":{"rendered":"\n<p>SV Zweckel &#8211; RSV Holthausen 8:0 (5:0)<\/p>\n\n\n\n<p>Der SV Zweckel hat sich am heutigen Sonntag erstmals seinen Fans gestellt und mit einem deutlichen Sieg gegen den Gast aus Herne ein erstes Ausrufezeichen gesetzt.<\/p>\n\n\n\n<p>Trotz einiger urlaubsbedingter Abwesenheiten und teils schwerer Beine durch das Aufbautraining in der verganenen Woche zeigte sich die Mannschaft von G\u00fcnter Appelt spielfreudig wie lange nicht mehr. Die Abwehr um Sebastian Hagemeister stand sicher und lie\u00df den Gegner nur einmal w\u00e4hrend  des gesamten Spiels gef\u00e4hrlich vor das Zweckeler Tor kommen. Im Mittelfeld zogen die Neuzug\u00e4nge Serkan K\u00f6sen und Moritz Heidenreich gekonnt die F\u00e4den und sorgten f\u00fcr eine Reihe von gelungenen Spielz\u00fcgen.<\/p>\n\n\n\n<p>Und im Sturm machte Jan Schwers endlich von Anfang an das, was bei ihm auf der todo-Liste stand: Toreschie\u00dfen. Er brachte die Seinen mit zwei Treffern in F\u00fchrung und sorgte mit der gesamten Offensive  immer wieder daf\u00fcr, dass die gegnerische Abwehr von einer Verlegenheit in die n\u00e4chste fiel. <\/p>\n\n\n\n<p>Nach f\u00fcnf Treffern in der ersten Halbzeit verzichtete der Coach in der zweiten Halbzeit auf vier Spieler und brachte neue Kr\u00e4fte. Doch das war auch kein Bruch im Spiel des SV Zweckel, so dass die Schwarz-Gr\u00fcnen noch drei Treffer nachlegten.<\/p>\n\n\n\n<p>Das war eine gute Trainingseinheit und ein insgesamt gelungener Auftritt der Zweckeler Mannschaft, auch wenn der Gegner die Heimmmannschaft nicht besonders forderte.<\/p>\n","protected":false},"excerpt":{"rendered":"<p>SV Zweckel &#8211; RSV Holthausen 8:0 (5:0) Der SV Zweckel hat sich am heutigen Sonntag erstmals seinen Fans gestellt und mit einem deutlichen Sieg gegen den Gast aus Herne ein erstes Ausrufezeichen gesetzt. Trotz einiger urlaubsbedingter Abwesenheiten und teils schwerer Beine durch das Aufbautraining in der verganenen Woche zeigte sich die Mannschaft von G\u00fcnter Appelt [&hellip;]<\/p>\n","protected":false},"author":3,"featured_media":14948,"comment_status":"open","ping_status":"closed","sticky":false,"template":"","format":"standard","meta":{"_jetpack_memberships_contains_paid_content":false,"footnotes":"","jetpack_publicize_message":"","jetpack_publicize_feature_enabled":true,"jetpack_social_post_already_shared":false,"jetpack_social_options":{"image_generator_settings":{"template":"highway","default_image_id":0,"font":"","enabled":false},"version":2}},"categories":[2],"tags":[],"class_list":["post-14946","post","type-post","status-publish","format-standard","has-post-thumbnail","hentry","category-1-mannschaft"],"jetpack_publicize_connections":[],"jetpack_featured_media_url":"https:\/\/i0.wp.com\/www.svzweckel.de\/wp-content\/uploads\/2022\/07\/DSC02251.jpg?fit=800%2C533&ssl=1","jetpack_sharing_enabled":true,"_links":{"self":[{"href":"https:\/\/www.svzweckel.de\/index.php?rest_route=\/wp\/v2\/posts\/14946","targetHints":{"allow":["GET"]}}],"collection":[{"href":"https:\/\/www.svzweckel.de\/index.php?rest_route=\/wp\/v2\/posts"}],"about":[{"href":"https:\/\/www.svzweckel.de\/index.php?rest_route=\/wp\/v2\/types\/post"}],"author":[{"embeddable":true,"href":"https:\/\/www.svzweckel.de\/index.php?rest_route=\/wp\/v2\/users\/3"}],"replies":[{"embeddable":true,"href":"https:\/\/www.svzweckel.de\/index.php?rest_route=%2Fwp%2Fv2%2Fcomments&post=14946"}],"version-history":[{"count":0,"href":"https:\/\/www.svzweckel.de\/index.php?rest_route=\/wp\/v2\/posts\/14946\/revisions"}],"wp:featuredmedia":[{"embeddable":true,"href":"https:\/\/www.svzweckel.de\/index.php?rest_route=\/wp\/v2\/media\/14948"}],"wp:attachment":[{"href":"https:\/\/www.svzweckel.de\/index.php?rest_route=%2Fwp%2Fv2%2Fmedia&parent=14946"}],"wp:term":[{"taxonomy":"category","embeddable":true,"href":"https:\/\/www.svzweckel.de\/index.php?rest_route=%2Fwp%2Fv2%2Fcategories&post=14946"},{"taxonomy":"post_tag","embeddable":true,"href":"https:\/\/www.svzweckel.de\/index.php?rest_route=%2Fwp%2Fv2%2Ftags&post=14946"}],"curies":[{"name":"wp","href":"https:\/\/api.w.org\/{rel}","templated":true}]}}