{"id":14949,"date":"2022-07-18T09:58:02","date_gmt":"2022-07-18T07:58:02","guid":{"rendered":"https:\/\/www.svzweckel.de\/?p=14949"},"modified":"2022-07-18T09:58:03","modified_gmt":"2022-07-18T07:58:03","slug":"noch-keine-entscheidung-des-verbandssportgerichtes","status":"publish","type":"post","link":"https:\/\/www.svzweckel.de\/?p=14949","title":{"rendered":"Noch keine Entscheidung des Verbandssportgerichtes"},"content":{"rendered":"\n<p>Staffelleiter Klaus Overwien hatte dem SV Zweckel vor seinem Urlaub mitgeteilt, dass das Verbandssportgericht (VSG) vermutlich am vergangenen Wochenende eine Entscheidung in der Causa SV Zweckel\/SF Stuckenbusch verk\u00fcnden w\u00fcrde.<\/p>\n\n\n\n<p>Der SV Zweckel wurde am 08. Juli gebeten, eine Stellungnahme zum Verfahren abzugeben, welche der Verein am gleichen Tag dem zust\u00e4ndigen Richter \u00fcbersandte.<\/p>\n\n\n\n<p>Seit diesem Tag warten alle Beteiligten auf die Entscheidung des h\u00f6chsten Rechtsorgans des FLVW, welches sich nach Zur\u00fcckverweisung durch das Verbandsgericht des WDFV nochmals mit dem Fall besch\u00e4ftigen muss. <\/p>\n\n\n\n<p>Auf schriftliche Nachfrage des SV Zweckel vom 15. Juli teilte das VSG am 18. Juli mit, dass nach Abschluss der Ermittlungen dem SV Zweckel die beabsichtigte Entscheidung zeitnah zugesendet wird. Es kann somit keine seri\u00f6se Aussage dazu gemacht werden, wann die Ermittlungen denn abgeschlossen sein werden und wann diese in ein Urteil m\u00fcnden. <\/p>\n\n\n\n<p>Diese unbefriedigende Situation m\u00fcssen alle Beteiligten wohl noch l\u00e4nger aushalten.<\/p>\n","protected":false},"excerpt":{"rendered":"<p>Staffelleiter Klaus Overwien hatte dem SV Zweckel vor seinem Urlaub mitgeteilt, dass das Verbandssportgericht (VSG) vermutlich am vergangenen Wochenende eine Entscheidung in der Causa SV Zweckel\/SF Stuckenbusch verk\u00fcnden w\u00fcrde. Der SV Zweckel wurde am 08. Juli gebeten, eine Stellungnahme zum Verfahren abzugeben, welche der Verein am gleichen Tag dem zust\u00e4ndigen Richter \u00fcbersandte. Seit diesem Tag [&hellip;]<\/p>\n","protected":false},"author":3,"featured_media":14894,"comment_status":"open","ping_status":"closed","sticky":false,"template":"","format":"standard","meta":{"_jetpack_memberships_contains_paid_content":false,"footnotes":"","jetpack_publicize_message":"","jetpack_publicize_feature_enabled":true,"jetpack_social_post_already_shared":false,"jetpack_social_options":{"image_generator_settings":{"template":"highway","default_image_id":0,"font":"","enabled":false},"version":2}},"categories":[2,3],"tags":[],"class_list":["post-14949","post","type-post","status-publish","format-standard","has-post-thumbnail","hentry","category-1-mannschaft","category-allgemein"],"jetpack_publicize_connections":[],"jetpack_featured_media_url":"https:\/\/i0.wp.com\/www.svzweckel.de\/wp-content\/uploads\/2022\/07\/DSC02217-Klein.jpg?fit=720%2C480&ssl=1","jetpack_sharing_enabled":true,"_links":{"self":[{"href":"https:\/\/www.svzweckel.de\/index.php?rest_route=\/wp\/v2\/posts\/14949","targetHints":{"allow":["GET"]}}],"collection":[{"href":"https:\/\/www.svzweckel.de\/index.php?rest_route=\/wp\/v2\/posts"}],"about":[{"href":"https:\/\/www.svzweckel.de\/index.php?rest_route=\/wp\/v2\/types\/post"}],"author":[{"embeddable":true,"href":"https:\/\/www.svzweckel.de\/index.php?rest_route=\/wp\/v2\/users\/3"}],"replies":[{"embeddable":true,"href":"https:\/\/www.svzweckel.de\/index.php?rest_route=%2Fwp%2Fv2%2Fcomments&post=14949"}],"version-history":[{"count":0,"href":"https:\/\/www.svzweckel.de\/index.php?rest_route=\/wp\/v2\/posts\/14949\/revisions"}],"wp:featuredmedia":[{"embeddable":true,"href":"https:\/\/www.svzweckel.de\/index.php?rest_route=\/wp\/v2\/media\/14894"}],"wp:attachment":[{"href":"https:\/\/www.svzweckel.de\/index.php?rest_route=%2Fwp%2Fv2%2Fmedia&parent=14949"}],"wp:term":[{"taxonomy":"category","embeddable":true,"href":"https:\/\/www.svzweckel.de\/index.php?rest_route=%2Fwp%2Fv2%2Fcategories&post=14949"},{"taxonomy":"post_tag","embeddable":true,"href":"https:\/\/www.svzweckel.de\/index.php?rest_route=%2Fwp%2Fv2%2Ftags&post=14949"}],"curies":[{"name":"wp","href":"https:\/\/api.w.org\/{rel}","templated":true}]}}