{"id":14953,"date":"2022-07-18T10:20:58","date_gmt":"2022-07-18T08:20:58","guid":{"rendered":"https:\/\/www.svzweckel.de\/?p=14953"},"modified":"2022-07-18T10:21:11","modified_gmt":"2022-07-18T08:21:11","slug":"wichtigster-neuzugang-der-ersten","status":"publish","type":"post","link":"https:\/\/www.svzweckel.de\/?p=14953","title":{"rendered":"Wichtigster &#8222;Neuzugang&#8220; der Ersten"},"content":{"rendered":"\n<p>Der SV Zweckel konnte den ehemaligen Mannschaftsbetreuer Waldemar &#8222;Waldi&#8220; Bahl wieder f\u00fcr diese Aufgabe gewinnen. <\/p>\n\n\n\n<p>Mit Manni Schwers und Roman Ofiera wird er f\u00fcr die Belange der 1. Mannschaft des SV Zweckel zust\u00e4ndig sein. Die Jungs k\u00f6nnen sich auf jede Menge Erfahrung durch seine langj\u00e4hrige Betreuerzeit unter G\u00fcnter Appelt freuen und werden die Disziplin und Gradlinigkeit der aktuellen Verantwortlichen sch\u00e4tzen lernen. <\/p>\n\n\n\n<p><\/p>\n","protected":false},"excerpt":{"rendered":"<p>Der SV Zweckel konnte den ehemaligen Mannschaftsbetreuer Waldemar &#8222;Waldi&#8220; Bahl wieder f\u00fcr diese Aufgabe gewinnen. Mit Manni Schwers und Roman Ofiera wird er f\u00fcr die Belange der 1. Mannschaft des SV Zweckel zust\u00e4ndig sein. Die Jungs k\u00f6nnen sich auf jede Menge Erfahrung durch seine langj\u00e4hrige Betreuerzeit unter G\u00fcnter Appelt freuen und werden die Disziplin und [&hellip;]<\/p>\n","protected":false},"author":3,"featured_media":14952,"comment_status":"open","ping_status":"closed","sticky":false,"template":"","format":"standard","meta":{"_jetpack_memberships_contains_paid_content":false,"footnotes":"","jetpack_publicize_message":"","jetpack_publicize_feature_enabled":true,"jetpack_social_post_already_shared":false,"jetpack_social_options":{"image_generator_settings":{"template":"highway","default_image_id":0,"font":"","enabled":false},"version":2}},"categories":[2],"tags":[],"class_list":["post-14953","post","type-post","status-publish","format-standard","has-post-thumbnail","hentry","category-1-mannschaft"],"jetpack_publicize_connections":[],"jetpack_featured_media_url":"https:\/\/i0.wp.com\/www.svzweckel.de\/wp-content\/uploads\/2022\/07\/wp-16581320489521009578299840060812-scaled.jpg?fit=2560%2C1440&ssl=1","jetpack_sharing_enabled":true,"_links":{"self":[{"href":"https:\/\/www.svzweckel.de\/index.php?rest_route=\/wp\/v2\/posts\/14953","targetHints":{"allow":["GET"]}}],"collection":[{"href":"https:\/\/www.svzweckel.de\/index.php?rest_route=\/wp\/v2\/posts"}],"about":[{"href":"https:\/\/www.svzweckel.de\/index.php?rest_route=\/wp\/v2\/types\/post"}],"author":[{"embeddable":true,"href":"https:\/\/www.svzweckel.de\/index.php?rest_route=\/wp\/v2\/users\/3"}],"replies":[{"embeddable":true,"href":"https:\/\/www.svzweckel.de\/index.php?rest_route=%2Fwp%2Fv2%2Fcomments&post=14953"}],"version-history":[{"count":0,"href":"https:\/\/www.svzweckel.de\/index.php?rest_route=\/wp\/v2\/posts\/14953\/revisions"}],"wp:featuredmedia":[{"embeddable":true,"href":"https:\/\/www.svzweckel.de\/index.php?rest_route=\/wp\/v2\/media\/14952"}],"wp:attachment":[{"href":"https:\/\/www.svzweckel.de\/index.php?rest_route=%2Fwp%2Fv2%2Fmedia&parent=14953"}],"wp:term":[{"taxonomy":"category","embeddable":true,"href":"https:\/\/www.svzweckel.de\/index.php?rest_route=%2Fwp%2Fv2%2Fcategories&post=14953"},{"taxonomy":"post_tag","embeddable":true,"href":"https:\/\/www.svzweckel.de\/index.php?rest_route=%2Fwp%2Fv2%2Ftags&post=14953"}],"curies":[{"name":"wp","href":"https:\/\/api.w.org\/{rel}","templated":true}]}}