{"id":14955,"date":"2022-07-21T15:52:56","date_gmt":"2022-07-21T13:52:56","guid":{"rendered":"https:\/\/www.svzweckel.de\/?p=14955"},"modified":"2022-07-21T15:52:57","modified_gmt":"2022-07-21T13:52:57","slug":"sv-zweckel-bleibt-in-der-bezirksliga","status":"publish","type":"post","link":"https:\/\/www.svzweckel.de\/?p=14955","title":{"rendered":"SV Zweckel bleibt in der Bezirksliga"},"content":{"rendered":"\n<p>Der Abteilungsleiter Fu\u00dfball des FLVW hat dem SV Zweckel am heutigen Nachmittag in einer E-Mail mitgeteilt, dass der SV Zweckel wegen der Besonderheit des Einzelfalls antragsgem\u00e4\u00df durch den Verbands-Fu\u00dfball-Ausschuss (VFA) in die Bezirksliga Staffel 9 eingeordnet wurde<\/p>\n\n\n\n<p>Der SV Zweckel ist dem VFA sehr dankbar f\u00fcr diese Entscheidung und freut sich auf eine neue Saison in der Bezirksliga.<\/p>\n","protected":false},"excerpt":{"rendered":"<p>Der Abteilungsleiter Fu\u00dfball des FLVW hat dem SV Zweckel am heutigen Nachmittag in einer E-Mail mitgeteilt, dass der SV Zweckel wegen der Besonderheit des Einzelfalls antragsgem\u00e4\u00df durch den Verbands-Fu\u00dfball-Ausschuss (VFA) in die Bezirksliga Staffel 9 eingeordnet wurde Der SV Zweckel ist dem VFA sehr dankbar f\u00fcr diese Entscheidung und freut sich auf eine neue Saison [&hellip;]<\/p>\n","protected":false},"author":3,"featured_media":14942,"comment_status":"open","ping_status":"closed","sticky":false,"template":"","format":"standard","meta":{"_jetpack_memberships_contains_paid_content":false,"footnotes":"","jetpack_publicize_message":"","jetpack_publicize_feature_enabled":true,"jetpack_social_post_already_shared":false,"jetpack_social_options":{"image_generator_settings":{"template":"highway","default_image_id":0,"font":"","enabled":false},"version":2}},"categories":[3],"tags":[],"class_list":["post-14955","post","type-post","status-publish","format-standard","has-post-thumbnail","hentry","category-allgemein"],"jetpack_publicize_connections":[],"jetpack_featured_media_url":"https:\/\/i0.wp.com\/www.svzweckel.de\/wp-content\/uploads\/2022\/07\/wp-1657651680186434190779471653031-scaled.jpg?fit=2560%2C1440&ssl=1","jetpack_sharing_enabled":true,"_links":{"self":[{"href":"https:\/\/www.svzweckel.de\/index.php?rest_route=\/wp\/v2\/posts\/14955","targetHints":{"allow":["GET"]}}],"collection":[{"href":"https:\/\/www.svzweckel.de\/index.php?rest_route=\/wp\/v2\/posts"}],"about":[{"href":"https:\/\/www.svzweckel.de\/index.php?rest_route=\/wp\/v2\/types\/post"}],"author":[{"embeddable":true,"href":"https:\/\/www.svzweckel.de\/index.php?rest_route=\/wp\/v2\/users\/3"}],"replies":[{"embeddable":true,"href":"https:\/\/www.svzweckel.de\/index.php?rest_route=%2Fwp%2Fv2%2Fcomments&post=14955"}],"version-history":[{"count":0,"href":"https:\/\/www.svzweckel.de\/index.php?rest_route=\/wp\/v2\/posts\/14955\/revisions"}],"wp:featuredmedia":[{"embeddable":true,"href":"https:\/\/www.svzweckel.de\/index.php?rest_route=\/wp\/v2\/media\/14942"}],"wp:attachment":[{"href":"https:\/\/www.svzweckel.de\/index.php?rest_route=%2Fwp%2Fv2%2Fmedia&parent=14955"}],"wp:term":[{"taxonomy":"category","embeddable":true,"href":"https:\/\/www.svzweckel.de\/index.php?rest_route=%2Fwp%2Fv2%2Fcategories&post=14955"},{"taxonomy":"post_tag","embeddable":true,"href":"https:\/\/www.svzweckel.de\/index.php?rest_route=%2Fwp%2Fv2%2Ftags&post=14955"}],"curies":[{"name":"wp","href":"https:\/\/api.w.org\/{rel}","templated":true}]}}