{"id":14959,"date":"2022-07-22T13:35:16","date_gmt":"2022-07-22T11:35:16","guid":{"rendered":"https:\/\/www.svzweckel.de\/?p=14959"},"modified":"2022-07-22T13:39:17","modified_gmt":"2022-07-22T11:39:17","slug":"saisonauftakt-mit-einem-heimspiel","status":"publish","type":"post","link":"https:\/\/www.svzweckel.de\/?p=14959","title":{"rendered":"Saisonauftakt mit einem Heimspiel"},"content":{"rendered":"\n<p>Am heutigen Freitag hat der Staffeleiter Klaus Overwien den Spielplan f\u00fcr die Bezirksligasaison ver\u00f6ffentlicht, wobei die Staffel 9 \u00fcber 18 Mannschaften verf\u00fcgt. Der SV Zweckel beginnt am 14. August 2022 mit einem Heimspiel gegen den FC Marl.<br>Danach geht es nach Gelsenkirchen zum Landesligaabsteiger Viktoria Resse, w\u00e4hrend eine Woche sp\u00e4ter, am 28.08.22, bereits das erste Derby gegen den BV Rentfort angesetzt wurde.<\/p>\n\n\n\n<p>Am 09.10.22 wurde das zweite Gladbecker Derby gegen FSM Gladbeck als Heimspiel terminiert.<\/p>\n\n\n\n<p>Der gesamte Ligaspielplan ist <a href=\"https:\/\/www.svzweckel.de\/wp-content\/uploads\/2022\/07\/spielplan_210261.pdf\" target=\"_blank\" rel=\"noreferrer noopener\">hier <\/a>hinterlegt.<\/p>\n","protected":false},"excerpt":{"rendered":"<p>Am heutigen Freitag hat der Staffeleiter Klaus Overwien den Spielplan f\u00fcr die Bezirksligasaison ver\u00f6ffentlicht, wobei die Staffel 9 \u00fcber 18 Mannschaften verf\u00fcgt. Der SV Zweckel beginnt am 14. August 2022 mit einem Heimspiel gegen den FC Marl.Danach geht es nach Gelsenkirchen zum Landesligaabsteiger Viktoria Resse, w\u00e4hrend eine Woche sp\u00e4ter, am 28.08.22, bereits das erste Derby [&hellip;]<\/p>\n","protected":false},"author":3,"featured_media":14958,"comment_status":"open","ping_status":"closed","sticky":false,"template":"","format":"standard","meta":{"_jetpack_memberships_contains_paid_content":false,"footnotes":"","jetpack_publicize_message":"","jetpack_publicize_feature_enabled":true,"jetpack_social_post_already_shared":false,"jetpack_social_options":{"image_generator_settings":{"template":"highway","default_image_id":0,"font":"","enabled":false},"version":2}},"categories":[2],"tags":[],"class_list":["post-14959","post","type-post","status-publish","format-standard","has-post-thumbnail","hentry","category-1-mannschaft"],"jetpack_publicize_connections":[],"jetpack_featured_media_url":"https:\/\/i0.wp.com\/www.svzweckel.de\/wp-content\/uploads\/2022\/07\/wp-1658489142797262467224121485936-scaled.jpg?fit=2560%2C1440&ssl=1","jetpack_sharing_enabled":true,"_links":{"self":[{"href":"https:\/\/www.svzweckel.de\/index.php?rest_route=\/wp\/v2\/posts\/14959","targetHints":{"allow":["GET"]}}],"collection":[{"href":"https:\/\/www.svzweckel.de\/index.php?rest_route=\/wp\/v2\/posts"}],"about":[{"href":"https:\/\/www.svzweckel.de\/index.php?rest_route=\/wp\/v2\/types\/post"}],"author":[{"embeddable":true,"href":"https:\/\/www.svzweckel.de\/index.php?rest_route=\/wp\/v2\/users\/3"}],"replies":[{"embeddable":true,"href":"https:\/\/www.svzweckel.de\/index.php?rest_route=%2Fwp%2Fv2%2Fcomments&post=14959"}],"version-history":[{"count":0,"href":"https:\/\/www.svzweckel.de\/index.php?rest_route=\/wp\/v2\/posts\/14959\/revisions"}],"wp:featuredmedia":[{"embeddable":true,"href":"https:\/\/www.svzweckel.de\/index.php?rest_route=\/wp\/v2\/media\/14958"}],"wp:attachment":[{"href":"https:\/\/www.svzweckel.de\/index.php?rest_route=%2Fwp%2Fv2%2Fmedia&parent=14959"}],"wp:term":[{"taxonomy":"category","embeddable":true,"href":"https:\/\/www.svzweckel.de\/index.php?rest_route=%2Fwp%2Fv2%2Fcategories&post=14959"},{"taxonomy":"post_tag","embeddable":true,"href":"https:\/\/www.svzweckel.de\/index.php?rest_route=%2Fwp%2Fv2%2Ftags&post=14959"}],"curies":[{"name":"wp","href":"https:\/\/api.w.org\/{rel}","templated":true}]}}