{"id":15018,"date":"2022-07-27T21:08:56","date_gmt":"2022-07-27T19:08:56","guid":{"rendered":"https:\/\/www.svzweckel.de\/?p=15018"},"modified":"2022-07-27T21:08:57","modified_gmt":"2022-07-27T19:08:57","slug":"die-zweite-bleibt-in-der-kreisliga-a-1","status":"publish","type":"post","link":"https:\/\/www.svzweckel.de\/?p=15018","title":{"rendered":"Die Zweite bleibt in der Kreisliga A 1"},"content":{"rendered":"\n<p>Nachdem der SV Zweckel in der letzten Woche den Antrag auf Verbleib der Reserve in der Kreisliga A gestellt hatte, informierte der Kreisfu\u00dfballausschussvorsitzende Michael Gro\u00dfe den Verein heute, dass die 2. Mannschaft in der Kreisliga A verbleiben darf.<\/p>\n\n\n\n<p>Die Entscheidung hatte noch etwas auf sich warten lassen, da der FLVW Stellung bezogen hatte und der Auffassung des SV Zweckel gefolgt ist, dass keine 6 Mannschaften die Kreisliga A verlassen m\u00fcssen. <\/p>\n\n\n\n<p>Der Kreis 12 hatte vor Saisonbeginn festgelegt, dass grunds\u00e4tzlich jeweils zwei Mannschaften aus den Kreisligen A 1 und 2 absteigen m\u00fcssen. <\/p>\n\n\n\n<p>Aus der Bezirksliga stiegen zwei Mannschaften in die Kreisliga A ab und nach dem zu Saisonbeginn ver\u00f6ffentichtn Zahlenspiegel h\u00e4tten demzufolge 5 Mannschaften absteigen m\u00fcssen. Da ein Entscheidungsspiel zwischen den beiden Drittletzten jetzt nicht mehr m\u00f6glich und die Saison abgeschlossen ist, wurd die Entscheidung \u00fcber 6 Absteiger zur\u00fcckgenommen und es bleibt bei 4 Absteigern aus der Kreisliga A.<\/p>\n\n\n\n<p>Damit die kompletten Spielpl\u00e4ne nicht wieder umgeschmissen werden m\u00fcssen, bleibt es bei der Einteilung der Kreisliga A2 mit 15 Mannschaften. Daf\u00fcr wird die Kreisliga A 1 mit 18 Mannschaften starten, da neben dem SV Zweckel II auch Westfalia Gelsenkirchen II in diese Liga eingruppiert wurde. <\/p>\n","protected":false},"excerpt":{"rendered":"<p>Nachdem der SV Zweckel in der letzten Woche den Antrag auf Verbleib der Reserve in der Kreisliga A gestellt hatte, informierte der Kreisfu\u00dfballausschussvorsitzende Michael Gro\u00dfe den Verein heute, dass die 2. Mannschaft in der Kreisliga A verbleiben darf. Die Entscheidung hatte noch etwas auf sich warten lassen, da der FLVW Stellung bezogen hatte und der [&hellip;]<\/p>\n","protected":false},"author":3,"featured_media":14984,"comment_status":"open","ping_status":"closed","sticky":false,"template":"","format":"standard","meta":{"_jetpack_memberships_contains_paid_content":false,"footnotes":"","jetpack_publicize_message":"","jetpack_publicize_feature_enabled":true,"jetpack_social_post_already_shared":false,"jetpack_social_options":{"image_generator_settings":{"template":"highway","default_image_id":0,"font":"","enabled":false},"version":2}},"categories":[3],"tags":[],"class_list":["post-15018","post","type-post","status-publish","format-standard","has-post-thumbnail","hentry","category-allgemein"],"jetpack_publicize_connections":[],"jetpack_featured_media_url":"https:\/\/i0.wp.com\/www.svzweckel.de\/wp-content\/uploads\/2022\/07\/wp-165890767206724771405858871406-scaled.jpg?fit=2560%2C1440&ssl=1","jetpack_sharing_enabled":true,"_links":{"self":[{"href":"https:\/\/www.svzweckel.de\/index.php?rest_route=\/wp\/v2\/posts\/15018","targetHints":{"allow":["GET"]}}],"collection":[{"href":"https:\/\/www.svzweckel.de\/index.php?rest_route=\/wp\/v2\/posts"}],"about":[{"href":"https:\/\/www.svzweckel.de\/index.php?rest_route=\/wp\/v2\/types\/post"}],"author":[{"embeddable":true,"href":"https:\/\/www.svzweckel.de\/index.php?rest_route=\/wp\/v2\/users\/3"}],"replies":[{"embeddable":true,"href":"https:\/\/www.svzweckel.de\/index.php?rest_route=%2Fwp%2Fv2%2Fcomments&post=15018"}],"version-history":[{"count":0,"href":"https:\/\/www.svzweckel.de\/index.php?rest_route=\/wp\/v2\/posts\/15018\/revisions"}],"wp:featuredmedia":[{"embeddable":true,"href":"https:\/\/www.svzweckel.de\/index.php?rest_route=\/wp\/v2\/media\/14984"}],"wp:attachment":[{"href":"https:\/\/www.svzweckel.de\/index.php?rest_route=%2Fwp%2Fv2%2Fmedia&parent=15018"}],"wp:term":[{"taxonomy":"category","embeddable":true,"href":"https:\/\/www.svzweckel.de\/index.php?rest_route=%2Fwp%2Fv2%2Fcategories&post=15018"},{"taxonomy":"post_tag","embeddable":true,"href":"https:\/\/www.svzweckel.de\/index.php?rest_route=%2Fwp%2Fv2%2Ftags&post=15018"}],"curies":[{"name":"wp","href":"https:\/\/api.w.org\/{rel}","templated":true}]}}