{"id":15028,"date":"2022-07-30T15:27:52","date_gmt":"2022-07-30T13:27:52","guid":{"rendered":"https:\/\/www.svzweckel.de\/?p=15028"},"modified":"2022-07-30T15:27:54","modified_gmt":"2022-07-30T13:27:54","slug":"testspiel-der-zweiten","status":"publish","type":"post","link":"https:\/\/www.svzweckel.de\/?p=15028","title":{"rendered":"Testspiel der Zweiten"},"content":{"rendered":"\n<p>Nach dem langen Warten in welcher Liga man in der Saison 22\/23 antreten muss, steht 2 Wochen vor Ligastart fest, dass man weiterhin in der Kreisliga A verbleibt. Mit diesem Wissen erwartet man am kommenden Sonntag den SV Blau-Wei\u00df Fuhlenbrock 2, welcher in der vergangenen Saison die Kreisliga B auf Platz 6 abschloss. Nach intensiven Wochen der Vorbereitung ist es ein guter Test, um sich nach einigen Abg\u00e4ngen und Neuzug\u00e4ngen als Mannschaft weiter zu finden, aber gleichzeitig auch eine wichtige weitere Trainingseinheit. Ansto\u00df ist um 15:00 Uhr auf der Rasenanlage an der Dorstener Stra\u00dfe. <\/p>\n","protected":false},"excerpt":{"rendered":"<p>Nach dem langen Warten in welcher Liga man in der Saison 22\/23 antreten muss, steht 2 Wochen vor Ligastart fest, dass man weiterhin in der Kreisliga A verbleibt. Mit diesem Wissen erwartet man am kommenden Sonntag den SV Blau-Wei\u00df Fuhlenbrock 2, welcher in der vergangenen Saison die Kreisliga B auf Platz 6 abschloss. Nach intensiven [&hellip;]<\/p>\n","protected":false},"author":3,"featured_media":15029,"comment_status":"open","ping_status":"closed","sticky":false,"template":"","format":"standard","meta":{"_jetpack_memberships_contains_paid_content":false,"footnotes":"","jetpack_publicize_message":"","jetpack_publicize_feature_enabled":true,"jetpack_social_post_already_shared":false,"jetpack_social_options":{"image_generator_settings":{"template":"highway","default_image_id":0,"font":"","enabled":false},"version":2}},"categories":[20],"tags":[],"class_list":["post-15028","post","type-post","status-publish","format-standard","has-post-thumbnail","hentry","category-2-mannschaft"],"jetpack_publicize_connections":[],"jetpack_featured_media_url":"https:\/\/i0.wp.com\/www.svzweckel.de\/wp-content\/uploads\/2022\/07\/3d7eba70-32ad-4768-85ae-7b062c6c842e.jpg?fit=800%2C612&ssl=1","jetpack_sharing_enabled":true,"_links":{"self":[{"href":"https:\/\/www.svzweckel.de\/index.php?rest_route=\/wp\/v2\/posts\/15028","targetHints":{"allow":["GET"]}}],"collection":[{"href":"https:\/\/www.svzweckel.de\/index.php?rest_route=\/wp\/v2\/posts"}],"about":[{"href":"https:\/\/www.svzweckel.de\/index.php?rest_route=\/wp\/v2\/types\/post"}],"author":[{"embeddable":true,"href":"https:\/\/www.svzweckel.de\/index.php?rest_route=\/wp\/v2\/users\/3"}],"replies":[{"embeddable":true,"href":"https:\/\/www.svzweckel.de\/index.php?rest_route=%2Fwp%2Fv2%2Fcomments&post=15028"}],"version-history":[{"count":0,"href":"https:\/\/www.svzweckel.de\/index.php?rest_route=\/wp\/v2\/posts\/15028\/revisions"}],"wp:featuredmedia":[{"embeddable":true,"href":"https:\/\/www.svzweckel.de\/index.php?rest_route=\/wp\/v2\/media\/15029"}],"wp:attachment":[{"href":"https:\/\/www.svzweckel.de\/index.php?rest_route=%2Fwp%2Fv2%2Fmedia&parent=15028"}],"wp:term":[{"taxonomy":"category","embeddable":true,"href":"https:\/\/www.svzweckel.de\/index.php?rest_route=%2Fwp%2Fv2%2Fcategories&post=15028"},{"taxonomy":"post_tag","embeddable":true,"href":"https:\/\/www.svzweckel.de\/index.php?rest_route=%2Fwp%2Fv2%2Ftags&post=15028"}],"curies":[{"name":"wp","href":"https:\/\/api.w.org\/{rel}","templated":true}]}}