{"id":1503,"date":"2014-11-16T21:04:17","date_gmt":"2014-11-16T21:04:17","guid":{"rendered":"http:\/\/www.svzweckel.de\/?p=1503"},"modified":"2014-11-17T20:31:56","modified_gmt":"2014-11-17T20:31:56","slug":"svz-oldies-kassieren-nach-12-siegen-in-serie-die-erste-niederlage","status":"publish","type":"post","link":"https:\/\/www.svzweckel.de\/?p=1503","title":{"rendered":"SVZ-Oldies kassieren nach 12 Siegen in Serie die erste Niederlage"},"content":{"rendered":"<p>FC Gladbeck &#8211; SV Zweckel 2:0 (2:0)<\/p>\n<p>Es war ein sehr gutes und rassiges Derby, was sich beide Mannschaften auf einem gut bespielbaren Rasenplatz auf der Ro\u00dfheidestra\u00dfe ablieferten.<\/p>\n<p>Die erste Halbzeit ging klar an FC Gladbeck. Zweckel war sehr verhalten in seiner Offensivarbeit und FC lie\u00df den Ball gut laufen. Nach 25 Minuten erzielte FC durch Oliver Hanses das 1:0, nachdem sich Oliver Donat bei einem langen Ball aus dem Mittelfeld versch\u00e4tzte. Mike Reschke hatte eine gute Chance, konnte sie allerdings nicht nutzen. Frank Kopriosek wurde nach 30 Minuten gut angespielt, konnte SVZ-Keeper Scheuplein ausspielen und seinen strammen Schuss konnte Mike Groth nur noch unter die Latte k\u00f6pfen. In der zweiten Halbzeit kamen die Zweckeler \u00f6fter vor das von Viktor Klose geh\u00fctete FC Tor. Das gefiel dem Gastgeber gar nicht und das Spiel wurde hitziger. Nach einem eher harmlosen Schubser von Mike Groth rastete\u00a0 Stefan Babel v\u00f6llig aus und beleidigte den SVZ-Libero mit unsch\u00f6nen Worten, die jedoch beim Schiedsrichter ankamen und somit berechtigter Weise die rote Karte pr\u00e4sentierte. Zweckel war von da an feld\u00fcberlegen, doch ein Tor wollte leider nicht fallen. Dennoch war dieses Spiel gegen einen starken Gegner eines der besseren AH-Spiele. Babel und Groth hatten sich nach dem Spiel auch wieder lieb ;).<\/p>\n","protected":false},"excerpt":{"rendered":"<p>FC Gladbeck &#8211; SV Zweckel 2:0 (2:0) Es war ein sehr gutes und rassiges Derby, was sich beide Mannschaften auf einem gut bespielbaren Rasenplatz auf der Ro\u00dfheidestra\u00dfe ablieferten. Die erste Halbzeit ging klar an FC Gladbeck. Zweckel war sehr verhalten in seiner Offensivarbeit und FC lie\u00df den Ball gut laufen. Nach 25 Minuten erzielte FC [&hellip;]<\/p>\n","protected":false},"author":3,"featured_media":0,"comment_status":"open","ping_status":"open","sticky":false,"template":"","format":"standard","meta":{"_jetpack_memberships_contains_paid_content":false,"footnotes":"","jetpack_publicize_message":"","jetpack_publicize_feature_enabled":true,"jetpack_social_post_already_shared":false,"jetpack_social_options":{"image_generator_settings":{"template":"highway","default_image_id":0,"font":"","enabled":false},"version":2}},"categories":[1],"tags":[],"class_list":["post-1503","post","type-post","status-publish","format-standard","hentry","category-uncategorized"],"jetpack_publicize_connections":[],"jetpack_featured_media_url":"","jetpack_sharing_enabled":true,"_links":{"self":[{"href":"https:\/\/www.svzweckel.de\/index.php?rest_route=\/wp\/v2\/posts\/1503","targetHints":{"allow":["GET"]}}],"collection":[{"href":"https:\/\/www.svzweckel.de\/index.php?rest_route=\/wp\/v2\/posts"}],"about":[{"href":"https:\/\/www.svzweckel.de\/index.php?rest_route=\/wp\/v2\/types\/post"}],"author":[{"embeddable":true,"href":"https:\/\/www.svzweckel.de\/index.php?rest_route=\/wp\/v2\/users\/3"}],"replies":[{"embeddable":true,"href":"https:\/\/www.svzweckel.de\/index.php?rest_route=%2Fwp%2Fv2%2Fcomments&post=1503"}],"version-history":[{"count":0,"href":"https:\/\/www.svzweckel.de\/index.php?rest_route=\/wp\/v2\/posts\/1503\/revisions"}],"wp:attachment":[{"href":"https:\/\/www.svzweckel.de\/index.php?rest_route=%2Fwp%2Fv2%2Fmedia&parent=1503"}],"wp:term":[{"taxonomy":"category","embeddable":true,"href":"https:\/\/www.svzweckel.de\/index.php?rest_route=%2Fwp%2Fv2%2Fcategories&post=1503"},{"taxonomy":"post_tag","embeddable":true,"href":"https:\/\/www.svzweckel.de\/index.php?rest_route=%2Fwp%2Fv2%2Ftags&post=1503"}],"curies":[{"name":"wp","href":"https:\/\/api.w.org\/{rel}","templated":true}]}}