{"id":1505,"date":"2014-11-17T08:05:05","date_gmt":"2014-11-17T08:05:05","guid":{"rendered":"http:\/\/www.svzweckel.de\/?p=1505"},"modified":"2014-11-17T08:05:05","modified_gmt":"2014-11-17T08:05:05","slug":"sv-zweckel-ii-gewinnt-31-gegen-den-sg-preussen-gladbeck-ii","status":"publish","type":"post","link":"https:\/\/www.svzweckel.de\/?p=1505","title":{"rendered":"SV Zweckel II gewinnt 3:1 gegen den SG Preussen Gladbeck II"},"content":{"rendered":"<p><strong>SG Preu\u00dfen Gladbeck II \u2013 SV Zweckel II <span>1:3<\/span> (0:1)<\/strong><\/p>\n<p>Die Reserve des SV Zweckel bleibt weiterhin in der Erfolgsspur. Am Sonntag gelang der Mannschaft vom Trainerduo S\u00f6ren Sch\u00fcrer\/Boris Crevatin bei der Zweitvertretung von SG Preu\u00dfen Gladbeck ein 3:1-Erfolg. Somit sind die Zweckeler seit nunmehr sechs Partien ungeschlagen. Aus den letzten vier Spielen holte man beachtliche zehn Punkte und schaffte dadurch den Sprung auf den siebten Tabellenplatz. Es l\u00e4uft aktuell bei der zweiten Mannschaft vom SV Zweckel. Auch von dem torlosen Remis am vergangenen Spieltag gegen den VfL Grafenwald lie\u00df sich die Truppe aus dem Gladbecker Norden nicht aus dem Konzept bringen. Bei der Reserve von SG Preu\u00dfen gelang wieder ein Sieg. Zwanzig Minuten waren gespielt, als Angreifer Tim Helwig die Gr\u00fcn-Wei\u00dfen an der Konrad-Adenauer-Allee mit 1:0 in F\u00fchrung bringen konnte. Zuvor hatte auf der Gegenseite Christoph Kartschall die riesen M\u00f6glichkeit, die Hausherren in Front zu bringen, scheiterte jedoch. Mit dem knappen Vorsprung f\u00fcr die Zweckeler ging es gleichzeitig auch in die Halbzeitpause. Auf den Ausgleichstreffer kurz nach dem Seitenwechsel hatten die Zweckeler eine schnelle Antwort parat. Yussf Kalin hatte f\u00fcr die Hausherren per sehenswertem Freisto\u00dftor ausgleichen k\u00f6nnen, doch nur eine Minute sp\u00e4ter stellte Bryan Estefano\u00a0Orbegozo Chang Kau die erneute F\u00fchrung f\u00fcr den SVZ her. 13 Minuten vor dem Ende konnte David Glagla mit dem Tor zum 3:1 endg\u00fcltig den Sack zu machen und die drei Punkte f\u00fcr den SVZ unter Dach und Fach bringen.<\/p>\n<p><strong>Tore: <span>0:1 Tim Helwig (20.), 1:1 Yusuf Kalin (48.), 1:2 Bryan Estefano\u00a0Orbegozo Chang Kau (49.), 1:3 David Glagla (77.)<\/span><\/strong><\/p>\n<p>(Textpassagen Bericht Auf\u00b4m Platz)<\/p>\n","protected":false},"excerpt":{"rendered":"<p>SG Preu\u00dfen Gladbeck II \u2013 SV Zweckel II 1:3 (0:1) Die Reserve des SV Zweckel bleibt weiterhin in der Erfolgsspur. Am Sonntag gelang der Mannschaft vom Trainerduo S\u00f6ren Sch\u00fcrer\/Boris Crevatin bei der Zweitvertretung von SG Preu\u00dfen Gladbeck ein 3:1-Erfolg. Somit sind die Zweckeler seit nunmehr sechs Partien ungeschlagen. Aus den letzten vier Spielen holte man [&hellip;]<\/p>\n","protected":false},"author":3,"featured_media":0,"comment_status":"open","ping_status":"open","sticky":false,"template":"","format":"standard","meta":{"_jetpack_memberships_contains_paid_content":false,"footnotes":"","jetpack_publicize_message":"","jetpack_publicize_feature_enabled":true,"jetpack_social_post_already_shared":false,"jetpack_social_options":{"image_generator_settings":{"template":"highway","default_image_id":0,"font":"","enabled":false},"version":2}},"categories":[20],"tags":[],"class_list":["post-1505","post","type-post","status-publish","format-standard","hentry","category-2-mannschaft"],"jetpack_publicize_connections":[],"jetpack_featured_media_url":"","jetpack_sharing_enabled":true,"_links":{"self":[{"href":"https:\/\/www.svzweckel.de\/index.php?rest_route=\/wp\/v2\/posts\/1505","targetHints":{"allow":["GET"]}}],"collection":[{"href":"https:\/\/www.svzweckel.de\/index.php?rest_route=\/wp\/v2\/posts"}],"about":[{"href":"https:\/\/www.svzweckel.de\/index.php?rest_route=\/wp\/v2\/types\/post"}],"author":[{"embeddable":true,"href":"https:\/\/www.svzweckel.de\/index.php?rest_route=\/wp\/v2\/users\/3"}],"replies":[{"embeddable":true,"href":"https:\/\/www.svzweckel.de\/index.php?rest_route=%2Fwp%2Fv2%2Fcomments&post=1505"}],"version-history":[{"count":0,"href":"https:\/\/www.svzweckel.de\/index.php?rest_route=\/wp\/v2\/posts\/1505\/revisions"}],"wp:attachment":[{"href":"https:\/\/www.svzweckel.de\/index.php?rest_route=%2Fwp%2Fv2%2Fmedia&parent=1505"}],"wp:term":[{"taxonomy":"category","embeddable":true,"href":"https:\/\/www.svzweckel.de\/index.php?rest_route=%2Fwp%2Fv2%2Fcategories&post=1505"},{"taxonomy":"post_tag","embeddable":true,"href":"https:\/\/www.svzweckel.de\/index.php?rest_route=%2Fwp%2Fv2%2Ftags&post=1505"}],"curies":[{"name":"wp","href":"https:\/\/api.w.org\/{rel}","templated":true}]}}