{"id":15099,"date":"2022-08-11T19:00:38","date_gmt":"2022-08-11T17:00:38","guid":{"rendered":"https:\/\/www.svzweckel.de\/?p=15099"},"modified":"2022-08-11T19:00:39","modified_gmt":"2022-08-11T17:00:39","slug":"saisonstart-der-zweiten-in-horst","status":"publish","type":"post","link":"https:\/\/www.svzweckel.de\/?p=15099","title":{"rendered":"Saisonstart der Zweiten in Horst"},"content":{"rendered":"\n<p>Sonntag 14.08.22, 13:00 Uhr: SV Horst-Emscher 08 II &#8211; SV Zweckel II<\/p>\n\n\n\n<p>Neben der Ersten startet auch die Zweitvertretung am kommenden Sonntag in ihre Saison. Nach einer intensiven Vorbereitung mit sehr guter Beteiligung bei allen Einheiten tritt man ausw\u00e4rts bei der Zweitvertretung von Horst 08 an. <\/p>\n\n\n\n<p>Mit Horst 08 wartet direkt ein starker Gegner auf die Gr\u00fcnhemden. Die vergangene Saison konnten die Gelsenkirchener mit 51 Punkten auf Platz 5 der Kreisliga A abschlie\u00dfen. Die Testspielergebnisse der Heimmannschaft reichten von hohen Siegen bis hin zu Niederlagen gegen \u00fcberkreisliche Mannschaften, aber auch Unentschieden gegen gegen Gegner der selben Spielklasse. <\/p>\n\n\n\n<p>Sowohl f\u00fcr die Spieler, die neu aus der A-Jugend dabei sind, als auch f\u00fcr einige Neuzug\u00e4nge ist es das erste Senioren-Pflichtspiel. Hinzu kommen einige neue Spieler, die erst k\u00fcrzlich zur Mannschaft hinzugesto\u00dfen sind. Es ist also ein guter erster Gegner, um zu sehen wo man nach der langen, harten aber auch guten Vorbereitung steht. Die junge Truppe um Trainer Mike Theis freut sich auf die Saison und darauf sich stetig als Mannschaft weiter zu entwickeln. <\/p>\n","protected":false},"excerpt":{"rendered":"<p>Sonntag 14.08.22, 13:00 Uhr: SV Horst-Emscher 08 II &#8211; SV Zweckel II Neben der Ersten startet auch die Zweitvertretung am kommenden Sonntag in ihre Saison. Nach einer intensiven Vorbereitung mit sehr guter Beteiligung bei allen Einheiten tritt man ausw\u00e4rts bei der Zweitvertretung von Horst 08 an. Mit Horst 08 wartet direkt ein starker Gegner auf [&hellip;]<\/p>\n","protected":false},"author":3,"featured_media":15100,"comment_status":"open","ping_status":"closed","sticky":false,"template":"","format":"standard","meta":{"_jetpack_memberships_contains_paid_content":false,"footnotes":"","jetpack_publicize_message":"","jetpack_publicize_feature_enabled":true,"jetpack_social_post_already_shared":false,"jetpack_social_options":{"image_generator_settings":{"template":"highway","default_image_id":0,"font":"","enabled":false},"version":2}},"categories":[20],"tags":[],"class_list":["post-15099","post","type-post","status-publish","format-standard","has-post-thumbnail","hentry","category-2-mannschaft"],"jetpack_publicize_connections":[],"jetpack_featured_media_url":"https:\/\/i0.wp.com\/www.svzweckel.de\/wp-content\/uploads\/2022\/08\/WhatsApp-Image-2022-07-17-at-20.52.29.jpeg?fit=800%2C565&ssl=1","jetpack_sharing_enabled":true,"_links":{"self":[{"href":"https:\/\/www.svzweckel.de\/index.php?rest_route=\/wp\/v2\/posts\/15099","targetHints":{"allow":["GET"]}}],"collection":[{"href":"https:\/\/www.svzweckel.de\/index.php?rest_route=\/wp\/v2\/posts"}],"about":[{"href":"https:\/\/www.svzweckel.de\/index.php?rest_route=\/wp\/v2\/types\/post"}],"author":[{"embeddable":true,"href":"https:\/\/www.svzweckel.de\/index.php?rest_route=\/wp\/v2\/users\/3"}],"replies":[{"embeddable":true,"href":"https:\/\/www.svzweckel.de\/index.php?rest_route=%2Fwp%2Fv2%2Fcomments&post=15099"}],"version-history":[{"count":0,"href":"https:\/\/www.svzweckel.de\/index.php?rest_route=\/wp\/v2\/posts\/15099\/revisions"}],"wp:featuredmedia":[{"embeddable":true,"href":"https:\/\/www.svzweckel.de\/index.php?rest_route=\/wp\/v2\/media\/15100"}],"wp:attachment":[{"href":"https:\/\/www.svzweckel.de\/index.php?rest_route=%2Fwp%2Fv2%2Fmedia&parent=15099"}],"wp:term":[{"taxonomy":"category","embeddable":true,"href":"https:\/\/www.svzweckel.de\/index.php?rest_route=%2Fwp%2Fv2%2Fcategories&post=15099"},{"taxonomy":"post_tag","embeddable":true,"href":"https:\/\/www.svzweckel.de\/index.php?rest_route=%2Fwp%2Fv2%2Ftags&post=15099"}],"curies":[{"name":"wp","href":"https:\/\/api.w.org\/{rel}","templated":true}]}}