{"id":15137,"date":"2022-08-19T10:21:59","date_gmt":"2022-08-19T08:21:59","guid":{"rendered":"https:\/\/www.svzweckel.de\/?p=15137"},"modified":"2022-08-19T10:26:42","modified_gmt":"2022-08-19T08:26:42","slug":"heimspielauftakt-der-zweiten","status":"publish","type":"post","link":"https:\/\/www.svzweckel.de\/?p=15137","title":{"rendered":"Heimspielauftakt der Zweiten"},"content":{"rendered":"\n<p>Sonntag 21.08.2022, 15 Uhr: SV Zweckel 23 II &#8211; Preu\u00dfen Sutum <\/p>\n\n\n\n<p>Die Zweitvertreung des SV Zweckel tritt am kommenden Sonntag zu ihrem zweiten Saisonspiel und damit ihrem ersten Heimspiel an. <\/p>\n\n\n\n<p>Nach dem schweren Auftakt in Horst und einer am Ende deutlichen Niederlage, hoffen die Gr\u00fcnhemden auf die ersten Punkte. 0:5 hie\u00df es am Ende aus Sicht der Zweckeler, welche das Spiel nach einer roten Karte mit nur zehn Akteuren zu Ende spielen mussten. <\/p>\n\n\n\n<p>Mit Preu\u00dfen Sutum erwartet die Mannschaft nun einen Gegner, der die letzte Spielzeit auf Platz 5 beendete und mit einem 5:1 Sieg gegen VFB Kirchellen II in die neue Serie startete. <\/p>\n\n\n\n<p>Der SVZ II freut sich \u00fcber zahlreiche Unterst\u00fctzung zum Heimspielauftakt an der Dorstener Stra\u00dfe.<\/p>\n","protected":false},"excerpt":{"rendered":"<p>Sonntag 21.08.2022, 15 Uhr: SV Zweckel 23 II &#8211; Preu\u00dfen Sutum Die Zweitvertreung des SV Zweckel tritt am kommenden Sonntag zu ihrem zweiten Saisonspiel und damit ihrem ersten Heimspiel an. Nach dem schweren Auftakt in Horst und einer am Ende deutlichen Niederlage, hoffen die Gr\u00fcnhemden auf die ersten Punkte. 0:5 hie\u00df es am Ende aus [&hellip;]<\/p>\n","protected":false},"author":3,"featured_media":15138,"comment_status":"open","ping_status":"closed","sticky":false,"template":"","format":"standard","meta":{"_jetpack_memberships_contains_paid_content":false,"footnotes":"","jetpack_publicize_message":"","jetpack_publicize_feature_enabled":true,"jetpack_social_post_already_shared":false,"jetpack_social_options":{"image_generator_settings":{"template":"highway","default_image_id":0,"font":"","enabled":false},"version":2}},"categories":[20],"tags":[],"class_list":["post-15137","post","type-post","status-publish","format-standard","has-post-thumbnail","hentry","category-2-mannschaft"],"jetpack_publicize_connections":[],"jetpack_featured_media_url":"https:\/\/i0.wp.com\/www.svzweckel.de\/wp-content\/uploads\/2022\/08\/IMG-20220717-WA0011.jpg?fit=800%2C378&ssl=1","jetpack_sharing_enabled":true,"_links":{"self":[{"href":"https:\/\/www.svzweckel.de\/index.php?rest_route=\/wp\/v2\/posts\/15137","targetHints":{"allow":["GET"]}}],"collection":[{"href":"https:\/\/www.svzweckel.de\/index.php?rest_route=\/wp\/v2\/posts"}],"about":[{"href":"https:\/\/www.svzweckel.de\/index.php?rest_route=\/wp\/v2\/types\/post"}],"author":[{"embeddable":true,"href":"https:\/\/www.svzweckel.de\/index.php?rest_route=\/wp\/v2\/users\/3"}],"replies":[{"embeddable":true,"href":"https:\/\/www.svzweckel.de\/index.php?rest_route=%2Fwp%2Fv2%2Fcomments&post=15137"}],"version-history":[{"count":0,"href":"https:\/\/www.svzweckel.de\/index.php?rest_route=\/wp\/v2\/posts\/15137\/revisions"}],"wp:featuredmedia":[{"embeddable":true,"href":"https:\/\/www.svzweckel.de\/index.php?rest_route=\/wp\/v2\/media\/15138"}],"wp:attachment":[{"href":"https:\/\/www.svzweckel.de\/index.php?rest_route=%2Fwp%2Fv2%2Fmedia&parent=15137"}],"wp:term":[{"taxonomy":"category","embeddable":true,"href":"https:\/\/www.svzweckel.de\/index.php?rest_route=%2Fwp%2Fv2%2Fcategories&post=15137"},{"taxonomy":"post_tag","embeddable":true,"href":"https:\/\/www.svzweckel.de\/index.php?rest_route=%2Fwp%2Fv2%2Ftags&post=15137"}],"curies":[{"name":"wp","href":"https:\/\/api.w.org\/{rel}","templated":true}]}}