{"id":15201,"date":"2022-09-21T15:52:24","date_gmt":"2022-09-21T13:52:24","guid":{"rendered":"https:\/\/www.svzweckel.de\/?p=15201"},"modified":"2022-09-21T15:52:25","modified_gmt":"2022-09-21T13:52:25","slug":"naechste-runde-im-kreispokal-erreicht-2","status":"publish","type":"post","link":"https:\/\/www.svzweckel.de\/?p=15201","title":{"rendered":"N\u00e4chste Runde im Kreispokal erreicht"},"content":{"rendered":"\n<p>SV Zweckel &#8211; SuS Beckhausen 2:0 (0:0)<\/p>\n\n\n\n<p>Die 1. Mannschaft des SV Zweckel hat souver\u00e4n die n\u00e4chste Runde im Kreispokal gegen SuS Beckhausen 05 erreicht. Gegen den A-Ligisten musste der erkrankte Trainer G\u00fcnter Appelt durch die Co-Trainer Timon Reschke und Can Ucar vertreten werden. <\/p>\n\n\n\n<p>Mit Julius Wloch, Can Ucar und Jan Schwers blieben zun\u00e4chst drei Stammspieler drau\u00dfen. Die Gastgeber zogen gegen den ungeschlagenen Tabellenzweiten der Kreisliga A ein gutes Spiel auf, konnten aber in der ersten Halbzeit keine der sich bietenden Torchancen erfolgreich abschlie\u00dfen. <\/p>\n\n\n\n<p>In der zweiten Halbzeit erh\u00f6hten die Zweckeler noch den Druck und erzielten durch einen Fernschuss von Sebastian Waldner die l\u00e4ngst \u00fcberf\u00e4llige F\u00fchrung. Diese wurde durch den eingewechselten Jan Schwers auf 2:0 ausgebaut, als er sich gekonnt auf der linken Seite durchsetzte und mit einem Schuss ins lange rechte Eck erfolgreich war. <\/p>\n\n\n\n<p>Die Zweckeler Abwehr lie\u00df dem Gegner kaum Spielraum, so dass Beckhausen keinen nennenswerten Abschluss erzielen konnte. Die einzige m\u00f6gliche Torchance der G\u00e4ste in der ersten Halbzeit machte Serkan K\u00f6se durch eine gekonnte Gr\u00e4tsche zunichte. Ansonsten verlebte Torh\u00fcter Leon Hawlitzy einen ruhigen Abend auf dem Zweckeler Rasenplatz.<\/p>\n","protected":false},"excerpt":{"rendered":"<p>SV Zweckel &#8211; SuS Beckhausen 2:0 (0:0) Die 1. Mannschaft des SV Zweckel hat souver\u00e4n die n\u00e4chste Runde im Kreispokal gegen SuS Beckhausen 05 erreicht. Gegen den A-Ligisten musste der erkrankte Trainer G\u00fcnter Appelt durch die Co-Trainer Timon Reschke und Can Ucar vertreten werden. Mit Julius Wloch, Can Ucar und Jan Schwers blieben zun\u00e4chst drei [&hellip;]<\/p>\n","protected":false},"author":3,"featured_media":15202,"comment_status":"open","ping_status":"closed","sticky":false,"template":"","format":"standard","meta":{"_jetpack_memberships_contains_paid_content":false,"footnotes":"","jetpack_publicize_message":"","jetpack_publicize_feature_enabled":true,"jetpack_social_post_already_shared":false,"jetpack_social_options":{"image_generator_settings":{"template":"highway","default_image_id":0,"font":"","enabled":false},"version":2}},"categories":[2],"tags":[],"class_list":["post-15201","post","type-post","status-publish","format-standard","has-post-thumbnail","hentry","category-1-mannschaft"],"jetpack_publicize_connections":[],"jetpack_featured_media_url":"https:\/\/i0.wp.com\/www.svzweckel.de\/wp-content\/uploads\/2022\/09\/DSC_1188.jpg?fit=800%2C450&ssl=1","jetpack_sharing_enabled":true,"_links":{"self":[{"href":"https:\/\/www.svzweckel.de\/index.php?rest_route=\/wp\/v2\/posts\/15201","targetHints":{"allow":["GET"]}}],"collection":[{"href":"https:\/\/www.svzweckel.de\/index.php?rest_route=\/wp\/v2\/posts"}],"about":[{"href":"https:\/\/www.svzweckel.de\/index.php?rest_route=\/wp\/v2\/types\/post"}],"author":[{"embeddable":true,"href":"https:\/\/www.svzweckel.de\/index.php?rest_route=\/wp\/v2\/users\/3"}],"replies":[{"embeddable":true,"href":"https:\/\/www.svzweckel.de\/index.php?rest_route=%2Fwp%2Fv2%2Fcomments&post=15201"}],"version-history":[{"count":0,"href":"https:\/\/www.svzweckel.de\/index.php?rest_route=\/wp\/v2\/posts\/15201\/revisions"}],"wp:featuredmedia":[{"embeddable":true,"href":"https:\/\/www.svzweckel.de\/index.php?rest_route=\/wp\/v2\/media\/15202"}],"wp:attachment":[{"href":"https:\/\/www.svzweckel.de\/index.php?rest_route=%2Fwp%2Fv2%2Fmedia&parent=15201"}],"wp:term":[{"taxonomy":"category","embeddable":true,"href":"https:\/\/www.svzweckel.de\/index.php?rest_route=%2Fwp%2Fv2%2Fcategories&post=15201"},{"taxonomy":"post_tag","embeddable":true,"href":"https:\/\/www.svzweckel.de\/index.php?rest_route=%2Fwp%2Fv2%2Ftags&post=15201"}],"curies":[{"name":"wp","href":"https:\/\/api.w.org\/{rel}","templated":true}]}}