{"id":15208,"date":"2022-09-25T21:07:40","date_gmt":"2022-09-25T19:07:40","guid":{"rendered":"https:\/\/www.svzweckel.de\/?p=15208"},"modified":"2022-09-25T21:13:15","modified_gmt":"2022-09-25T19:13:15","slug":"knapper-sieg-trotz-deutlicher-ueberlegenheit","status":"publish","type":"post","link":"https:\/\/www.svzweckel.de\/?p=15208","title":{"rendered":"Knapper Sieg trotz deutlicher \u00dcberlegenheit"},"content":{"rendered":"\n<p>SV Zweckel &#8211; SF Stuckenbusch 3:2 (3:0)<\/p>\n\n\n\n<p>Der SV Zweckel hat gegen den Tabellenletzten drei Punkte geholt und damit den n\u00e4chsten Sieg eingefahren. Leider gibt das Ergebnis nicht die wahren Kr\u00e4fteverh\u00e4ltnisse wieder, denn die Gastgeber haben ein gutes Spiel abgeliefert.<\/p>\n\n\n\n<p>Der SV Zweckel  nahm von Anfang an das Heft in die Hand und setzte den Gegner von Beginn an unter Druck.  Bei einem Zusammenprall in der 17. Minute verletzten sich Jonas Gerfen und Maurice Ogaza ungl\u00fccklich, so dass Erstgenannter mit dem Rettungswagen ins Krankenhaus gebracht und durch Marlon Boris ersetzt werden musste. Die Platzwunde an der Stirn wurde gen\u00e4ht und der Verletzte erschien nach dem Spiel erfreulicherweise wieder am Sportplatz. <\/p>\n\n\n\n<p>Nur eine Minute sp\u00e4ter wurde Serkan K\u00f6se von seinem Gegenspiel im Sechszehner umgesto\u00dfen. Den f\u00e4lligen Elfmeter verwandelte Sven Hagemeister sicher und brachte seine Elf damit in F\u00fchrung. Die Zweckeler setzten nach und lie\u00dfen dem Gegner keine Zeit zum Luftholen. Maurice Ogaza musste infolge des Zusammepralls in der 22. Minute ebenfalls das Spielfeld verlassen, f\u00fcr ihn kam Armand Lalo Penka Kouesso. <\/p>\n\n\n\n<p>Letztgenannter traf in der 30. Minute mit einem sehenswerten Treffer in den rechten oberen Knick und erh\u00f6hte damit auf 2:0. Kurz vor der Pause konnte sich Jan Schwers ebenfalls in die Torsch\u00fctzenliste eintragen und traf zum beruhigenden 3:0 Halbzeitstand.<\/p>\n\n\n\n<p>Schon in der ersten Halbzeit hatten die Zweckeler Gelegenheiten zu weiteren Toren, gingen jedoch fahrl\u00e4ssig mit den sich bietenden Chancen um. <\/p>\n\n\n\n<p>Acht Minuten nach Wiedernanpfiff musste Trainer G\u00fcnter Appelt schon wieder wechseln, da sich Sven Hagemeister verletzt hatte und durch Marcel Ofiera ersetzt werden musste. <\/p>\n\n\n\n<p>Weitere Torchancen zum 4:0 wurden nicht genutzt, da der letzte Pass zu ungenau gespielt wurde und der letzte Wille zum n\u00e4chsten Tor fehlte. <\/p>\n\n\n\n<p>Durch eine Unachtsamkeit kamen die G\u00e4ste, die im gesamten Spiel nur dreimal auf das Zweckeler Tor schossen, zum Anschlusstreffer. <\/p>\n\n\n\n<p>In der Folge vers\u00e4umten es die Zweckeler mehrfach, das Ergebnis zu erh\u00f6hen und kassierten in der 84. Minute dann auch noch das 3:2. Weitere M\u00f6glichkeiten lie\u00df die Zweckeler Abwehr nicht zu, so dass am Ende zwar ein knapper aber mehr als verdienter Sieg stand.<\/p>\n\n\n\n<p>Mit diesem Erfolg reisen die Zweckeler am kommenden Freitag zum Derby nach Kirchhellen und wollen auch dort etwa Z\u00e4hlbares mit nach Zweckel nehmen. <\/p>\n\n\n\n<p><\/p>\n","protected":false},"excerpt":{"rendered":"<p>SV Zweckel &#8211; SF Stuckenbusch 3:2 (3:0) Der SV Zweckel hat gegen den Tabellenletzten drei Punkte geholt und damit den n\u00e4chsten Sieg eingefahren. Leider gibt das Ergebnis nicht die wahren Kr\u00e4fteverh\u00e4ltnisse wieder, denn die Gastgeber haben ein gutes Spiel abgeliefert. Der SV Zweckel nahm von Anfang an das Heft in die Hand und setzte den [&hellip;]<\/p>\n","protected":false},"author":3,"featured_media":15211,"comment_status":"open","ping_status":"closed","sticky":false,"template":"","format":"standard","meta":{"_jetpack_memberships_contains_paid_content":false,"footnotes":"","jetpack_publicize_message":"","jetpack_publicize_feature_enabled":true,"jetpack_social_post_already_shared":false,"jetpack_social_options":{"image_generator_settings":{"template":"highway","default_image_id":0,"font":"","enabled":false},"version":2}},"categories":[2],"tags":[],"class_list":["post-15208","post","type-post","status-publish","format-standard","has-post-thumbnail","hentry","category-1-mannschaft"],"jetpack_publicize_connections":[],"jetpack_featured_media_url":"https:\/\/i0.wp.com\/www.svzweckel.de\/wp-content\/uploads\/2022\/09\/DSC_1201.jpg?fit=800%2C450&ssl=1","jetpack_sharing_enabled":true,"_links":{"self":[{"href":"https:\/\/www.svzweckel.de\/index.php?rest_route=\/wp\/v2\/posts\/15208","targetHints":{"allow":["GET"]}}],"collection":[{"href":"https:\/\/www.svzweckel.de\/index.php?rest_route=\/wp\/v2\/posts"}],"about":[{"href":"https:\/\/www.svzweckel.de\/index.php?rest_route=\/wp\/v2\/types\/post"}],"author":[{"embeddable":true,"href":"https:\/\/www.svzweckel.de\/index.php?rest_route=\/wp\/v2\/users\/3"}],"replies":[{"embeddable":true,"href":"https:\/\/www.svzweckel.de\/index.php?rest_route=%2Fwp%2Fv2%2Fcomments&post=15208"}],"version-history":[{"count":0,"href":"https:\/\/www.svzweckel.de\/index.php?rest_route=\/wp\/v2\/posts\/15208\/revisions"}],"wp:featuredmedia":[{"embeddable":true,"href":"https:\/\/www.svzweckel.de\/index.php?rest_route=\/wp\/v2\/media\/15211"}],"wp:attachment":[{"href":"https:\/\/www.svzweckel.de\/index.php?rest_route=%2Fwp%2Fv2%2Fmedia&parent=15208"}],"wp:term":[{"taxonomy":"category","embeddable":true,"href":"https:\/\/www.svzweckel.de\/index.php?rest_route=%2Fwp%2Fv2%2Fcategories&post=15208"},{"taxonomy":"post_tag","embeddable":true,"href":"https:\/\/www.svzweckel.de\/index.php?rest_route=%2Fwp%2Fv2%2Ftags&post=15208"}],"curies":[{"name":"wp","href":"https:\/\/api.w.org\/{rel}","templated":true}]}}