{"id":15215,"date":"2022-09-28T23:52:57","date_gmt":"2022-09-28T21:52:57","guid":{"rendered":"https:\/\/www.svzweckel.de\/?p=15215"},"modified":"2022-09-28T23:53:16","modified_gmt":"2022-09-28T21:53:16","slug":"derbyfreitag-in-kirchhellen","status":"publish","type":"post","link":"https:\/\/www.svzweckel.de\/?p=15215","title":{"rendered":"Derbyfreitag in Kirchhellen"},"content":{"rendered":"\n<p>Freitag, 30.09.22, 19:30 Uhr: VfB Kirchhellen &#8211; SV Zweckel <\/p>\n\n\n\n<p>Das n\u00e4chste Derby steht f\u00fcr den Zweckel an! Wie in der letzten Saison m\u00fcssen die Zweckeler zu Beginn der Saison in Kirchhellen antreten. Wenn am Ende das Ergebnis der letzten Saison wiederholt werden k\u00f6nnte, h\u00e4tten die G\u00e4ste sicher nichts einzuwenden. Am 29.08.21 gewannen die Zweckeler damals in Kirchhellen mit 2:3 im Auftaktmatch der Bezirksliga in der damaligen Staffel 14.<\/p>\n\n\n\n<p>Am letzten Sonntag waren beide Mannschaften erfolgreich, denn Kirchhellen gewann das Ausw\u00e4rtsspiel bei Genclikspor Recklinghausen und der SV Zweckel gewann gegen die SF Stuckenbusch mit 3:2. Beide Mannschaften trennen lediglich zwei Punkte, wobei die Zweckeler im Moment vor dem Gastgeber stehen. Au\u00dferdem haben die Schwarz-Gr\u00fcnen noch ein Heimspiel gegen G\u00fcnnigfeld in der Hinterhand, welches am 06.10. nachgeholt wird.<\/p>\n\n\n\n<p>Der VfB hat sich seit Saisonbeginn stetig gesteigert, denn in den letzten f\u00fcnf Spielen hat das Team nicht mehr verloren. Insbesondere im letzten Heimspiel gegen Vestia Disteln waren die Kirchhellener die bisher einzige Mannschaft, die dem unangefochtenen Aufstiegsaspiranten einen Punkte abkn\u00f6pfen konnten. Neben dem Tabellenf\u00fchrer hat der VfB bereits gegen alle Teams bis zum f\u00fcnften Tabellenplatz gespielt und sich teils gut aus der Aff\u00e4re gezogen. <\/p>\n\n\n\n<p>Die G\u00e4ste mussten vor zwei Wochen eine unn\u00f6tige Niederlage in Hassel hinnehmen und haben am letzten Sonntag gegen den Tabellenletzten zum Spielende hin wieder etwas zittern m\u00fcssen, obwohl sie ein gutes Spiel gemacht haben und den Gegner voll im Griff hatten.<\/p>\n\n\n\n<p>Derzeit befinden sich noch einige Stammspieler im Krankenstand und mindestens Jonas Gerfen und Maurice Ogaza werden nach ihrem ungl\u00fccklichen Zusammenprall im letzten Heimspiel nicht zur Verf\u00fcgung stehen.<\/p>\n\n\n\n<p>In den Zweckeler Reihen steht mit Leon Hawlitzky ein Keeper im Tor, der insbesondere an seinem Wohnort Kirchhellen alles daran setzen wird, den Zweckeler Kasten sauber zu halten. Sollten die G\u00e4ste am Freitagabend eine \u00e4hnlich gute Leistung wie in den ersten 75 Minuten gegen Stuckenbusch abliefern, werden sie etwas Z\u00e4hlbares mit auf den Heimweg nehmen. <\/p>\n\n\n\n<p>Das Spiel muss leider auf dem Kunstrasen an der L\u00f6wenfeldstra\u00dfe stattfinden, da der Rasenplatz des VfB Kirchhellen \u00fcber keine Flutlichtanlage verf\u00fcgt. Darum haben die Gastgeber m\u00f6glicherweise einen Heimvorteil, trotzdem sind die Zweckeler sicher alles andere als chancenlos, ein Spiel vor vermutlich gr\u00f6\u00dferer Kulisse zu gewinnen.<\/p>\n","protected":false},"excerpt":{"rendered":"<p>Freitag, 30.09.22, 19:30 Uhr: VfB Kirchhellen &#8211; SV Zweckel Das n\u00e4chste Derby steht f\u00fcr den Zweckel an! Wie in der letzten Saison m\u00fcssen die Zweckeler zu Beginn der Saison in Kirchhellen antreten. Wenn am Ende das Ergebnis der letzten Saison wiederholt werden k\u00f6nnte, h\u00e4tten die G\u00e4ste sicher nichts einzuwenden. Am 29.08.21 gewannen die Zweckeler damals [&hellip;]<\/p>\n","protected":false},"author":3,"featured_media":15218,"comment_status":"open","ping_status":"closed","sticky":false,"template":"","format":"standard","meta":{"_jetpack_memberships_contains_paid_content":false,"footnotes":"","jetpack_publicize_message":"","jetpack_publicize_feature_enabled":true,"jetpack_social_post_already_shared":false,"jetpack_social_options":{"image_generator_settings":{"template":"highway","default_image_id":0,"font":"","enabled":false},"version":2}},"categories":[2],"tags":[],"class_list":["post-15215","post","type-post","status-publish","format-standard","has-post-thumbnail","hentry","category-1-mannschaft"],"jetpack_publicize_connections":[],"jetpack_featured_media_url":"https:\/\/i0.wp.com\/www.svzweckel.de\/wp-content\/uploads\/2022\/09\/DSC00029-18.jpg?fit=800%2C533&ssl=1","jetpack_sharing_enabled":true,"_links":{"self":[{"href":"https:\/\/www.svzweckel.de\/index.php?rest_route=\/wp\/v2\/posts\/15215","targetHints":{"allow":["GET"]}}],"collection":[{"href":"https:\/\/www.svzweckel.de\/index.php?rest_route=\/wp\/v2\/posts"}],"about":[{"href":"https:\/\/www.svzweckel.de\/index.php?rest_route=\/wp\/v2\/types\/post"}],"author":[{"embeddable":true,"href":"https:\/\/www.svzweckel.de\/index.php?rest_route=\/wp\/v2\/users\/3"}],"replies":[{"embeddable":true,"href":"https:\/\/www.svzweckel.de\/index.php?rest_route=%2Fwp%2Fv2%2Fcomments&post=15215"}],"version-history":[{"count":0,"href":"https:\/\/www.svzweckel.de\/index.php?rest_route=\/wp\/v2\/posts\/15215\/revisions"}],"wp:featuredmedia":[{"embeddable":true,"href":"https:\/\/www.svzweckel.de\/index.php?rest_route=\/wp\/v2\/media\/15218"}],"wp:attachment":[{"href":"https:\/\/www.svzweckel.de\/index.php?rest_route=%2Fwp%2Fv2%2Fmedia&parent=15215"}],"wp:term":[{"taxonomy":"category","embeddable":true,"href":"https:\/\/www.svzweckel.de\/index.php?rest_route=%2Fwp%2Fv2%2Fcategories&post=15215"},{"taxonomy":"post_tag","embeddable":true,"href":"https:\/\/www.svzweckel.de\/index.php?rest_route=%2Fwp%2Fv2%2Ftags&post=15215"}],"curies":[{"name":"wp","href":"https:\/\/api.w.org\/{rel}","templated":true}]}}