{"id":15220,"date":"2022-10-01T00:22:07","date_gmt":"2022-09-30T22:22:07","guid":{"rendered":"https:\/\/www.svzweckel.de\/?p=15220"},"modified":"2022-10-01T00:22:16","modified_gmt":"2022-09-30T22:22:16","slug":"gerechtes-unentschieden-in-kirchhhellen","status":"publish","type":"post","link":"https:\/\/www.svzweckel.de\/?p=15220","title":{"rendered":"Gerechtes Unentschieden in Kirchhhellen"},"content":{"rendered":"\n<p>VfB Kirchhellen &#8211; SV Zweckel  1:1 (0:0)<\/p>\n\n\n\n<p>Knapp 350 Zuschauer haben am Freitagabend das Derby des VfB Kirchhellen gegen den SV Zweckel verfolgt. Sie bekamen zwar ein spannendes aber leider kein hochklassiges Spiel zu sehen. <\/p>\n\n\n\n<p>Der Gast wusste fast im gesamten Spiel durch den gef\u00e4lligeren Spielaufbau zu gefallen, schaffte es allerdings nur selten, Torchancen zu kreieren. Auf der anderen Seite agierten die Gastgeber h\u00e4ufig mit langen B\u00e4llen und waren auch nur selten in der Lage, die sichere Zweckeler Hintermannschaft in Verlegenheit zu bringen.<\/p>\n\n\n\n<p>Die vorherrschende Gangart beider Parteien war Kampf! Beide Mannschaften schenkten sich nichts und k\u00e4mpften um jeden Zentimeter auf dem Kunstrasen an der L\u00f6wenfeldstra\u00dfe. Manchmal gingen die Akteure auch \u00fcber das Erlaubte hinaus und insbesondere in der zweiten Halbzeit wurde das Spiel dadurch immer zerfahrener. <\/p>\n\n\n\n<p>Nach einer torlosen ersten Halbzeit kamen die Zweckeler etwas besser aus der Kabine und gingen in der 50. Minute durch den Abwehrchef Sebastian Hagemeister mit 0:1 in F\u00fchrung. Ein Abpraller landete als Aufsetzer vor seinen F\u00fc\u00dfen, wurde mit einem Heber \u00fcber den verdutzten VfB-Keeper im Kirchhellener Tor untergebracht und anschlie\u00dfend von der Mannschaft geb\u00fchrend gefeiert (siehe Foto).<\/p>\n\n\n\n<p>Die Gastgeber antworteten mit w\u00fctenden Angriffen und ab diesem Zeitpunkt wurde das Spiel hektischer und unfairer. Anders als in der Partie beim SC Hassel wehrten sich die Zweckeler aber diesmal und steckten nicht zur\u00fcck. Das sorgte dann f\u00fcr viele Unterbrechungen der Partie, weil immer wieder Akteuere beider Mannschaften am Boden lagen. Kurzzeitig drohte die Partie zu kippen, weil der Schiedsrichter bei einer sehr gro\u00dfz\u00fcgigen Linie blieb und einige erforderliche Entscheidungen unterlie\u00df. <\/p>\n\n\n\n<p>Nach einer knappen Stunde gelang dem VfB der Ausgleich, den die Zweckeler mal wieder durch einen Standard kassierten. Nach einem Eckball war die Zurodnung in der Abwehr der G\u00e4ste nicht geordnet und der Kopfball von Lars Josten landete am Innenpfosten zum Ausgleich. <\/p>\n\n\n\n<p>In der Folge waren beide Mannschaften kaum noch in der Lage, gef\u00e4hrliche Situationen zu kreieren und beschr\u00e4nkten sich auf kampfbetonte Zweik\u00e4mpfe ohne spielerische Akzente.<\/p>\n\n\n\n<p>Letztendlich blieb es beim leistungsgerechten Unentschieden, mit dem beide Mannschaften leben konnten.<\/p>\n\n\n\n<p>F\u00fcr die  Zweckeler geht  es am kommenden Donnerstag mit dem Nachholspiel gegen den VfB G\u00fcnnigfeld weiter. <\/p>\n","protected":false},"excerpt":{"rendered":"<p>VfB Kirchhellen &#8211; SV Zweckel 1:1 (0:0) Knapp 350 Zuschauer haben am Freitagabend das Derby des VfB Kirchhellen gegen den SV Zweckel verfolgt. Sie bekamen zwar ein spannendes aber leider kein hochklassiges Spiel zu sehen. Der Gast wusste fast im gesamten Spiel durch den gef\u00e4lligeren Spielaufbau zu gefallen, schaffte es allerdings nur selten, Torchancen zu [&hellip;]<\/p>\n","protected":false},"author":3,"featured_media":15221,"comment_status":"open","ping_status":"closed","sticky":false,"template":"","format":"standard","meta":{"_jetpack_memberships_contains_paid_content":false,"footnotes":"","jetpack_publicize_message":"","jetpack_publicize_feature_enabled":true,"jetpack_social_post_already_shared":false,"jetpack_social_options":{"image_generator_settings":{"template":"highway","default_image_id":0,"font":"","enabled":false},"version":2}},"categories":[2],"tags":[],"class_list":["post-15220","post","type-post","status-publish","format-standard","has-post-thumbnail","hentry","category-1-mannschaft"],"jetpack_publicize_connections":[],"jetpack_featured_media_url":"https:\/\/i0.wp.com\/www.svzweckel.de\/wp-content\/uploads\/2022\/09\/DSC_1212.jpg?fit=800%2C450&ssl=1","jetpack_sharing_enabled":true,"_links":{"self":[{"href":"https:\/\/www.svzweckel.de\/index.php?rest_route=\/wp\/v2\/posts\/15220","targetHints":{"allow":["GET"]}}],"collection":[{"href":"https:\/\/www.svzweckel.de\/index.php?rest_route=\/wp\/v2\/posts"}],"about":[{"href":"https:\/\/www.svzweckel.de\/index.php?rest_route=\/wp\/v2\/types\/post"}],"author":[{"embeddable":true,"href":"https:\/\/www.svzweckel.de\/index.php?rest_route=\/wp\/v2\/users\/3"}],"replies":[{"embeddable":true,"href":"https:\/\/www.svzweckel.de\/index.php?rest_route=%2Fwp%2Fv2%2Fcomments&post=15220"}],"version-history":[{"count":0,"href":"https:\/\/www.svzweckel.de\/index.php?rest_route=\/wp\/v2\/posts\/15220\/revisions"}],"wp:featuredmedia":[{"embeddable":true,"href":"https:\/\/www.svzweckel.de\/index.php?rest_route=\/wp\/v2\/media\/15221"}],"wp:attachment":[{"href":"https:\/\/www.svzweckel.de\/index.php?rest_route=%2Fwp%2Fv2%2Fmedia&parent=15220"}],"wp:term":[{"taxonomy":"category","embeddable":true,"href":"https:\/\/www.svzweckel.de\/index.php?rest_route=%2Fwp%2Fv2%2Fcategories&post=15220"},{"taxonomy":"post_tag","embeddable":true,"href":"https:\/\/www.svzweckel.de\/index.php?rest_route=%2Fwp%2Fv2%2Ftags&post=15220"}],"curies":[{"name":"wp","href":"https:\/\/api.w.org\/{rel}","templated":true}]}}