{"id":15229,"date":"2022-10-04T09:36:03","date_gmt":"2022-10-04T07:36:03","guid":{"rendered":"https:\/\/www.svzweckel.de\/?p=15229"},"modified":"2022-10-04T09:37:22","modified_gmt":"2022-10-04T07:37:22","slug":"zwei-spiele-in-vier-tagen","status":"publish","type":"post","link":"https:\/\/www.svzweckel.de\/?p=15229","title":{"rendered":"Zwei Spiele in vier Tagen"},"content":{"rendered":"\n<p>Donnerstag, 06.10.2022, 19:30 Uhr: SV Zweckel &#8211; VfB G\u00fcnnigfeld<\/p>\n\n\n\n<p>Der SV Zweckel befindet sich in der Woche der Wahrheit und darf nach dem Unentschieden am Freitag letzter Woche beim VfB Kirchhellen nun zweimal zu Hause ran.<\/p>\n\n\n\n<p>Am Donnerstag wird die ausgefallene Partie gegen den VfB G\u00fcnnigfeld nachgeholt, die durchwachsen in die Saison gestartet sind. Mit drei Siegen und drei Unentschieden sind die G\u00e4ste noch zwei Spiele im Hintertreffen und k\u00f6nnen ihre Punkteausbeute noch deutlich verbessern. Mit einem Sieg k\u00f6nnten sie mit dem SV Zweckel gleichziehen, was die Gastgeber sicher verhindern m\u00f6chten.<\/p>\n\n\n\n<p>Am vergangenen Sonntag machte G\u00fcnnigfeld mit einem 7:0-Erfolg gegen den BV Rentfort auf sich aufmerksam. Mit diesem klaren Sieg kletterte der Gegner des SVZ \u00fcber den Strich und wartet auch noch auf das endg\u00fcltige Ergebnis des Ausw\u00e4rtsspiels bei Viktoria Resse. In der Nachspielzeit der Begegnung, bei der G\u00fcnnigfeld mit 0:2 hinten lag, soll es zu einer rassistischen Beleidigung eines VfB-Spielers durch einen Resser Akteur gekommen sein. Daraufhin hatte die gesamte G\u00fcnnigfelder Mannschaft das Spielfeld verlassen.<\/p>\n\n\n\n<p>Der SV Zweckel hingegen konnte im Derby beim VfB Kirchhellen ein Remis erzielen, mit welchem die Bilanz weiterhin positiv ausf\u00e4llt. Mit drei Siegen und drei Unentschieden bei einer Niederlage sind die Schwarz-Gr\u00fcnen erfolgreich in die neue Bezirksligasaison gestartet.<\/p>\n\n\n\n<p>Dieser gute Start muss in den kommenden zwei Heimspielen noch best\u00e4tigt werden, denn nach dem Spiel gegen G\u00fcnnigfeld am Donnerstag kommt es am Sonntag an der Dorstener Stra\u00dfe zum Derby gegen FSM Gladbeck.<\/p>\n\n\n\n<p>Sollten die Zweckeler zwei Heimsiege einfahren k\u00f6nnen, k\u00f6nnte der Abstand nach unten schon deutlich ausgebaut werden, zumal in den kommenden Wochen mit H\u00fcls, Hessler und Erle drei Top-Teams als Gegner warten. <\/p>\n\n\n\n<p>M\u00f6glicherweise kann Trainer G\u00fcnter Appelt noch nicht auf Jonas Gerfen und Maurice Ogaza setzen, allerdings steht vermutlich wieder Jan Schwers von Anfang an zur Verf\u00fcgung. <\/p>\n","protected":false},"excerpt":{"rendered":"<p>Donnerstag, 06.10.2022, 19:30 Uhr: SV Zweckel &#8211; VfB G\u00fcnnigfeld Der SV Zweckel befindet sich in der Woche der Wahrheit und darf nach dem Unentschieden am Freitag letzter Woche beim VfB Kirchhellen nun zweimal zu Hause ran. Am Donnerstag wird die ausgefallene Partie gegen den VfB G\u00fcnnigfeld nachgeholt, die durchwachsen in die Saison gestartet sind. Mit [&hellip;]<\/p>\n","protected":false},"author":3,"featured_media":15232,"comment_status":"open","ping_status":"closed","sticky":false,"template":"","format":"standard","meta":{"_jetpack_memberships_contains_paid_content":false,"footnotes":"","jetpack_publicize_message":"","jetpack_publicize_feature_enabled":true,"jetpack_social_post_already_shared":false,"jetpack_social_options":{"image_generator_settings":{"template":"highway","default_image_id":0,"font":"","enabled":false},"version":2}},"categories":[2],"tags":[],"class_list":["post-15229","post","type-post","status-publish","format-standard","has-post-thumbnail","hentry","category-1-mannschaft"],"jetpack_publicize_connections":[],"jetpack_featured_media_url":"https:\/\/i0.wp.com\/www.svzweckel.de\/wp-content\/uploads\/2022\/10\/DSC_1214.jpg?fit=800%2C450&ssl=1","jetpack_sharing_enabled":true,"_links":{"self":[{"href":"https:\/\/www.svzweckel.de\/index.php?rest_route=\/wp\/v2\/posts\/15229","targetHints":{"allow":["GET"]}}],"collection":[{"href":"https:\/\/www.svzweckel.de\/index.php?rest_route=\/wp\/v2\/posts"}],"about":[{"href":"https:\/\/www.svzweckel.de\/index.php?rest_route=\/wp\/v2\/types\/post"}],"author":[{"embeddable":true,"href":"https:\/\/www.svzweckel.de\/index.php?rest_route=\/wp\/v2\/users\/3"}],"replies":[{"embeddable":true,"href":"https:\/\/www.svzweckel.de\/index.php?rest_route=%2Fwp%2Fv2%2Fcomments&post=15229"}],"version-history":[{"count":0,"href":"https:\/\/www.svzweckel.de\/index.php?rest_route=\/wp\/v2\/posts\/15229\/revisions"}],"wp:featuredmedia":[{"embeddable":true,"href":"https:\/\/www.svzweckel.de\/index.php?rest_route=\/wp\/v2\/media\/15232"}],"wp:attachment":[{"href":"https:\/\/www.svzweckel.de\/index.php?rest_route=%2Fwp%2Fv2%2Fmedia&parent=15229"}],"wp:term":[{"taxonomy":"category","embeddable":true,"href":"https:\/\/www.svzweckel.de\/index.php?rest_route=%2Fwp%2Fv2%2Fcategories&post=15229"},{"taxonomy":"post_tag","embeddable":true,"href":"https:\/\/www.svzweckel.de\/index.php?rest_route=%2Fwp%2Fv2%2Ftags&post=15229"}],"curies":[{"name":"wp","href":"https:\/\/api.w.org\/{rel}","templated":true}]}}