{"id":15245,"date":"2022-10-12T16:19:33","date_gmt":"2022-10-12T14:19:33","guid":{"rendered":"https:\/\/www.svzweckel.de\/?p=15245"},"modified":"2022-10-13T08:32:36","modified_gmt":"2022-10-13T06:32:36","slug":"duell-auf-augenhoehe-3","status":"publish","type":"post","link":"https:\/\/www.svzweckel.de\/?p=15245","title":{"rendered":"Duell auf Augenh\u00f6he"},"content":{"rendered":"\n<p>Sonntag, 16.10.22, 15:00 Uhr: VfB H\u00fcls &#8211; SV Zweckel<\/p>\n\n\n\n<p>Am kommenden Sonntag muss der SV Zweckel zum Badeweiher nach Marl reisen. Beim VfB H\u00fcls treffen die Schwarz-Gr\u00fcnen auf einen unmittelbaren Tabellennachbarn, der mit ebenfalls 16 Punkten nur einen Platz hinter den Zweckelern steht.<\/p>\n\n\n\n<p>Nach zwei Niederlagen gegen Disteln und bei RWT Herne hat sich der VfB wieder berappelt und am letzten Sonntag in Genclikspor Recklinghausen einen deutlichen Sieg (0:4) erzielt. Im Aufgebot des von Christoph Schlebach trainierten Kaders stehen mit German Prudetskiy und Timo Kulak auch zwei ehemalige Zweckeler Spieler. <\/p>\n\n\n\n<p>Die Zweckeler haben zu Hause im Derby gegen FSM Gladbeck ungef\u00e4hrdet 4:1 gewonnen.<\/p>\n\n\n\n<p>Der Sieger der Partie h\u00e4lt Anschluss an die Tabellenspitze. Hessler und Erle als erste Verfolger des unangefochtenen Spitzenreiters Disteln sind nur drei Punkte entfernt.<\/p>\n\n\n\n<p>Die Zweckeler sind mit vier Siegen, vier Unentschieden und nur einer Niederlage stark in die Saison gestartet und wollen die Serie der letzten vier Spiele ohne Niederlage nat\u00fcrlich gerne fortsetzen. Wie in den letzten Wochen hat Trainer G\u00fcnter Appelt m\u00f6glicherweise wieder den einen oder anderen Akteur zur Verf\u00fcgung, da Urlauber und Genesene wieder zum Kader geh\u00f6ren k\u00f6nnten. <\/p>\n\n\n\n<p>Sollten die Schwarz-Gr\u00fcnen auf dem Rasenplatz des Evonik-Sportparks in der Paul-Baumann-Stra\u00dfe in MarlMit einer beherzten Auftritt hinlegen, k\u00f6nnten sie mit Ausw\u00e4rtspunkten nach Zweckel heimkehren.<\/p>\n\n\n\n<p><\/p>\n","protected":false},"excerpt":{"rendered":"<p>Sonntag, 16.10.22, 15:00 Uhr: VfB H\u00fcls &#8211; SV Zweckel Am kommenden Sonntag muss der SV Zweckel zum Badeweiher nach Marl reisen. Beim VfB H\u00fcls treffen die Schwarz-Gr\u00fcnen auf einen unmittelbaren Tabellennachbarn, der mit ebenfalls 16 Punkten nur einen Platz hinter den Zweckelern steht. Nach zwei Niederlagen gegen Disteln und bei RWT Herne hat sich der [&hellip;]<\/p>\n","protected":false},"author":3,"featured_media":15207,"comment_status":"open","ping_status":"closed","sticky":false,"template":"","format":"standard","meta":{"_jetpack_memberships_contains_paid_content":false,"footnotes":"","jetpack_publicize_message":"","jetpack_publicize_feature_enabled":true,"jetpack_social_post_already_shared":false,"jetpack_social_options":{"image_generator_settings":{"template":"highway","default_image_id":0,"font":"","enabled":false},"version":2}},"categories":[2],"tags":[],"class_list":["post-15245","post","type-post","status-publish","format-standard","has-post-thumbnail","hentry","category-1-mannschaft"],"jetpack_publicize_connections":[],"jetpack_featured_media_url":"https:\/\/i0.wp.com\/www.svzweckel.de\/wp-content\/uploads\/2022\/09\/DSC00008-26.jpg?fit=800%2C533&ssl=1","jetpack_sharing_enabled":true,"_links":{"self":[{"href":"https:\/\/www.svzweckel.de\/index.php?rest_route=\/wp\/v2\/posts\/15245","targetHints":{"allow":["GET"]}}],"collection":[{"href":"https:\/\/www.svzweckel.de\/index.php?rest_route=\/wp\/v2\/posts"}],"about":[{"href":"https:\/\/www.svzweckel.de\/index.php?rest_route=\/wp\/v2\/types\/post"}],"author":[{"embeddable":true,"href":"https:\/\/www.svzweckel.de\/index.php?rest_route=\/wp\/v2\/users\/3"}],"replies":[{"embeddable":true,"href":"https:\/\/www.svzweckel.de\/index.php?rest_route=%2Fwp%2Fv2%2Fcomments&post=15245"}],"version-history":[{"count":0,"href":"https:\/\/www.svzweckel.de\/index.php?rest_route=\/wp\/v2\/posts\/15245\/revisions"}],"wp:featuredmedia":[{"embeddable":true,"href":"https:\/\/www.svzweckel.de\/index.php?rest_route=\/wp\/v2\/media\/15207"}],"wp:attachment":[{"href":"https:\/\/www.svzweckel.de\/index.php?rest_route=%2Fwp%2Fv2%2Fmedia&parent=15245"}],"wp:term":[{"taxonomy":"category","embeddable":true,"href":"https:\/\/www.svzweckel.de\/index.php?rest_route=%2Fwp%2Fv2%2Fcategories&post=15245"},{"taxonomy":"post_tag","embeddable":true,"href":"https:\/\/www.svzweckel.de\/index.php?rest_route=%2Fwp%2Fv2%2Ftags&post=15245"}],"curies":[{"name":"wp","href":"https:\/\/api.w.org\/{rel}","templated":true}]}}