{"id":15251,"date":"2022-10-16T17:56:54","date_gmt":"2022-10-16T15:56:54","guid":{"rendered":"https:\/\/www.svzweckel.de\/?p=15251"},"modified":"2022-10-16T17:56:55","modified_gmt":"2022-10-16T15:56:55","slug":"ueberfluessige-zweite-niederlage-in-huels","status":"publish","type":"post","link":"https:\/\/www.svzweckel.de\/?p=15251","title":{"rendered":"\u00dcberfl\u00fcssige zweite Niederlage in H\u00fcls"},"content":{"rendered":"\n<p>VfB H\u00fcls &#8211; SV Zweckel 1:0 (0:0)<\/p>\n\n\n\n<p>Das Spiel war gut, das Ergebnis leider nicht. Nicht nur der gegnerische Trainer Christoph Schlebach sprach von einem gl\u00fccklichen Sieg, auch G\u00fcnter Appelt konnte dieser Aussage nur zustimmen.<\/p>\n\n\n\n<p>In den ersten zehn Minuten hatten die Zweckeler keinen Zugriff und die Gastgeber waren deutlich die bessere Mannschaft. Die Defensive trat erstmasl mit dem A-Junioren Malte Kulmer an, der seine Sache auf der linken Au\u00dfenverteidigerposition in den ersten 45 Minunte sehr gut machte. In der zweiten Halbzeit musste er leider in der Kabine bleiben, da er bereits am Vormittag 90 Minuten bei den A-Junioren absolviert hatte.<\/p>\n\n\n\n<p>Im Tor der Zwecker stand mit Yasin Muslubas der letztj\u00e4hrige Keeper der Schwarz-Gr\u00fcnen. Der Torwart konnte unter dankenswerter Beteiligung von Beckhausen 05 schnell von dort losgeeist werden. Die Spielberechtigung wurde somit sofort erteilt und mit einer starken Leistung zeigte er, dass er trotz monatelanger Pause nichts verlernt hat.<\/p>\n\n\n\n<p>Nach 15 Minuten ergriffen die G\u00e4ste in der Evonik-Arena zunehmend die Initiative und l\u00f6sten sich immer besser aus dem anf\u00e4nglichen Druck der Gastgeber. Das f\u00fchrte in der ersten Halbzeit zu zwei tollen Torchancen f\u00fcr die Zweckeler, die durch Jan Schwers und Sven Hagemeister, den G\u00fcnter Appelt erstmals in der Sturmspitze aufbot, leider nicht verwertet wurden. H\u00fcls hatte bis zur Halbzeit keine einzige echte Torchance aufzuweisen.<\/p>\n\n\n\n<p>Nach der Pause kamen die Zweckeler viel besser ins Spiel als zu Beginn der Partie und hatten gleich zwei sehr gut Gelegenheiten durch Jan Schwers, die Schwarz-Gr\u00fcnen in F\u00fchrung zu bringen. In der Folge zeigten die Zweckeler mehrfach, warum sie in dieser Saison viel besser Fu\u00dfball spielen als in der letzten. Es wurde gut nach vorne kombiniert und die Mannschaft erspielte sich einen Standard nach dem anderen. Diese Standards waren jedoch nur selten gef\u00e4hrlich, da insbesondere die hohen Flanken oder Ecken durch die Lufthoheit der Gastgeber immer wieder zunichte gemacht wurden. <\/p>\n\n\n\n<p>Der VfB kam nach 78 Minuten erstmals wieder gef\u00e4hrlich vor das Zweckeler Tor und erzielte gleich die F\u00fchrung zum 1:0. Die G\u00e4ste warfen in den letzten 15 Minuten noch einmal alles nach vorne und liefen dadurch nat\u00fcrlich in den einen oder anderen Konter. <\/p>\n\n\n\n<p>Die gro\u00dfe Ausgleichschance lie\u00dfen die Zweckeler in der 88. Minute jedoch fahrl\u00e4ssig liegen, da Sven Hagemeister einen Handelfmeter leider nicht zum verdienten Ausgleich verwandeln konnte. So blieb es bei der Erkenntnis: Gut gespielt, trotzdem verloren.<\/p>\n","protected":false},"excerpt":{"rendered":"<p>VfB H\u00fcls &#8211; SV Zweckel 1:0 (0:0) Das Spiel war gut, das Ergebnis leider nicht. Nicht nur der gegnerische Trainer Christoph Schlebach sprach von einem gl\u00fccklichen Sieg, auch G\u00fcnter Appelt konnte dieser Aussage nur zustimmen. In den ersten zehn Minuten hatten die Zweckeler keinen Zugriff und die Gastgeber waren deutlich die bessere Mannschaft. Die Defensive [&hellip;]<\/p>\n","protected":false},"author":3,"featured_media":15254,"comment_status":"open","ping_status":"closed","sticky":false,"template":"","format":"standard","meta":{"_jetpack_memberships_contains_paid_content":false,"footnotes":"","jetpack_publicize_message":"","jetpack_publicize_feature_enabled":true,"jetpack_social_post_already_shared":false,"jetpack_social_options":{"image_generator_settings":{"template":"highway","default_image_id":0,"font":"","enabled":false},"version":2}},"categories":[2],"tags":[],"class_list":["post-15251","post","type-post","status-publish","format-standard","has-post-thumbnail","hentry","category-1-mannschaft"],"jetpack_publicize_connections":[],"jetpack_featured_media_url":"https:\/\/i0.wp.com\/www.svzweckel.de\/wp-content\/uploads\/2022\/10\/DSC_1245.jpg?fit=800%2C450&ssl=1","jetpack_sharing_enabled":true,"_links":{"self":[{"href":"https:\/\/www.svzweckel.de\/index.php?rest_route=\/wp\/v2\/posts\/15251","targetHints":{"allow":["GET"]}}],"collection":[{"href":"https:\/\/www.svzweckel.de\/index.php?rest_route=\/wp\/v2\/posts"}],"about":[{"href":"https:\/\/www.svzweckel.de\/index.php?rest_route=\/wp\/v2\/types\/post"}],"author":[{"embeddable":true,"href":"https:\/\/www.svzweckel.de\/index.php?rest_route=\/wp\/v2\/users\/3"}],"replies":[{"embeddable":true,"href":"https:\/\/www.svzweckel.de\/index.php?rest_route=%2Fwp%2Fv2%2Fcomments&post=15251"}],"version-history":[{"count":0,"href":"https:\/\/www.svzweckel.de\/index.php?rest_route=\/wp\/v2\/posts\/15251\/revisions"}],"wp:featuredmedia":[{"embeddable":true,"href":"https:\/\/www.svzweckel.de\/index.php?rest_route=\/wp\/v2\/media\/15254"}],"wp:attachment":[{"href":"https:\/\/www.svzweckel.de\/index.php?rest_route=%2Fwp%2Fv2%2Fmedia&parent=15251"}],"wp:term":[{"taxonomy":"category","embeddable":true,"href":"https:\/\/www.svzweckel.de\/index.php?rest_route=%2Fwp%2Fv2%2Fcategories&post=15251"},{"taxonomy":"post_tag","embeddable":true,"href":"https:\/\/www.svzweckel.de\/index.php?rest_route=%2Fwp%2Fv2%2Ftags&post=15251"}],"curies":[{"name":"wp","href":"https:\/\/api.w.org\/{rel}","templated":true}]}}