{"id":15255,"date":"2022-10-19T16:17:37","date_gmt":"2022-10-19T14:17:37","guid":{"rendered":"https:\/\/www.svzweckel.de\/?p=15255"},"modified":"2022-10-19T16:17:39","modified_gmt":"2022-10-19T14:17:39","slug":"pokalaus-in-der-zweiten-runde","status":"publish","type":"post","link":"https:\/\/www.svzweckel.de\/?p=15255","title":{"rendered":"Pokalaus in der zweiten Runde"},"content":{"rendered":"\n<p>Westfalia Gelsenkirchen &#8211; SV Zweckel 2:1 (1:0)<\/p>\n\n\n\n<p>Das war kein guter Auftritt des SV Zweckel auf dem Ascheplatz am Trinenkamp. Die giftigen Gastgeber machten es den Zweckelern in der gesamten Spielzeit immer schwer, indem sie hart und kompromisslos in die Zweik\u00e4mpfe gingen und dadurch einen mangelhaften Spielaufbau kompensierten.<\/p>\n\n\n\n<p>Trainer G\u00fcnter Appelt gab einigen Spielern, die sonst in der zweiten Reihe stehen, die Chance, sich zu beweisen und mit einer guten Leistung beim Trainer f\u00fcr weitere Eins\u00e4tze anzubieten. Das gelang nur in wenigen F\u00e4llen und somit konnte zwar in beiden Halbzeiten eine optische \u00dcberlegenheit herausgespielt werden, allein am Willen und vielen Torchancen mangelte es.<\/p>\n\n\n\n<p>Nach vier Minuten lagen die G\u00e4ste hinten und ausgerechnet der Youngster Malte Kulmer sorgte nach einer knappen halben Stunde f\u00fcr den Ausgleich. Dieser hielt jedoch nur wenige Minuten und nach einem Patzer gingen die Gastgeber in F\u00fchrung.<\/p>\n\n\n\n<p>Dabei blieb es bis zum Schluss, denn die Zweckeler schafften es nicht, aus der spielerischen \u00dcberlegenheit Kapital zu schlagen. Somit war schon in der zweiten Runde des Kreispokals Schluss.<\/p>\n","protected":false},"excerpt":{"rendered":"<p>Westfalia Gelsenkirchen &#8211; SV Zweckel 2:1 (1:0) Das war kein guter Auftritt des SV Zweckel auf dem Ascheplatz am Trinenkamp. Die giftigen Gastgeber machten es den Zweckelern in der gesamten Spielzeit immer schwer, indem sie hart und kompromisslos in die Zweik\u00e4mpfe gingen und dadurch einen mangelhaften Spielaufbau kompensierten. Trainer G\u00fcnter Appelt gab einigen Spielern, die [&hellip;]<\/p>\n","protected":false},"author":3,"featured_media":15257,"comment_status":"open","ping_status":"closed","sticky":false,"template":"","format":"standard","meta":{"_jetpack_memberships_contains_paid_content":false,"footnotes":"","jetpack_publicize_message":"","jetpack_publicize_feature_enabled":true,"jetpack_social_post_already_shared":false,"jetpack_social_options":{"image_generator_settings":{"template":"highway","default_image_id":0,"font":"","enabled":false},"version":2}},"categories":[2],"tags":[],"class_list":["post-15255","post","type-post","status-publish","format-standard","has-post-thumbnail","hentry","category-1-mannschaft"],"jetpack_publicize_connections":[],"jetpack_featured_media_url":"https:\/\/i0.wp.com\/www.svzweckel.de\/wp-content\/uploads\/2022\/10\/DSC_1249.jpg?fit=800%2C450&ssl=1","jetpack_sharing_enabled":true,"_links":{"self":[{"href":"https:\/\/www.svzweckel.de\/index.php?rest_route=\/wp\/v2\/posts\/15255","targetHints":{"allow":["GET"]}}],"collection":[{"href":"https:\/\/www.svzweckel.de\/index.php?rest_route=\/wp\/v2\/posts"}],"about":[{"href":"https:\/\/www.svzweckel.de\/index.php?rest_route=\/wp\/v2\/types\/post"}],"author":[{"embeddable":true,"href":"https:\/\/www.svzweckel.de\/index.php?rest_route=\/wp\/v2\/users\/3"}],"replies":[{"embeddable":true,"href":"https:\/\/www.svzweckel.de\/index.php?rest_route=%2Fwp%2Fv2%2Fcomments&post=15255"}],"version-history":[{"count":0,"href":"https:\/\/www.svzweckel.de\/index.php?rest_route=\/wp\/v2\/posts\/15255\/revisions"}],"wp:featuredmedia":[{"embeddable":true,"href":"https:\/\/www.svzweckel.de\/index.php?rest_route=\/wp\/v2\/media\/15257"}],"wp:attachment":[{"href":"https:\/\/www.svzweckel.de\/index.php?rest_route=%2Fwp%2Fv2%2Fmedia&parent=15255"}],"wp:term":[{"taxonomy":"category","embeddable":true,"href":"https:\/\/www.svzweckel.de\/index.php?rest_route=%2Fwp%2Fv2%2Fcategories&post=15255"},{"taxonomy":"post_tag","embeddable":true,"href":"https:\/\/www.svzweckel.de\/index.php?rest_route=%2Fwp%2Fv2%2Ftags&post=15255"}],"curies":[{"name":"wp","href":"https:\/\/api.w.org\/{rel}","templated":true}]}}