{"id":15259,"date":"2022-10-20T11:01:19","date_gmt":"2022-10-20T09:01:19","guid":{"rendered":"https:\/\/www.svzweckel.de\/?p=15259"},"modified":"2022-10-20T11:01:21","modified_gmt":"2022-10-20T09:01:21","slug":"spitzenteam-aus-hessler-zu-gast","status":"publish","type":"post","link":"https:\/\/www.svzweckel.de\/?p=15259","title":{"rendered":"Spitzenteam aus Hessler zu Gast"},"content":{"rendered":"\n<p>Sonntag, 23.10.22, 15:00 Uhr: SV Zweckel &#8211; SV Gelsenkirchen-Hessler<\/p>\n\n\n\n<p>Nach der unn\u00f6tigen Niederlage in H\u00fcls und der schlechten Leistung beim Pokalspiel in Westfalia Gelsenkirchen muss die Mannschaft von Trainer G\u00fcnter Appelt am kommenden Sonntag wieder in die Erfolgsspur finden. <\/p>\n\n\n\n<p>Im Vergleich zum Pokalspiel unter der Woche stehen am Sonntag vermutlich wieder mehr Akteure zur Verf\u00fcgung und die Startformation wird mit Sicherheit ein anderes Gesicht haben. <\/p>\n\n\n\n<p>Trotzdem m\u00fcssen die Schwarz-Gr\u00fcnen wieder alles geben, um den Tabellenzweiten der Bezirksliga bezwingen zu k\u00f6nnen. Insbesondere die Offensive ist das Prunkst\u00fcck der G\u00e4ste, denn mit 30 Toren haben sie immerhin im Durchschnitt drei Treffer pro Partie erzielt. <\/p>\n\n\n\n<p>Die H\u00e4lfte dieser Torquote teilen sich mit Lukas Tomanek (9 Treffer) und Haris Imsirovic (6 Treffer) zwei ehemalige Zweckeler. Vor allem Lukas Tomanek als Sto\u00dfst\u00fcrmer macht es den Verteidigern h\u00e4ufig schwer, denn durch sein Gardema\u00df und seine technischen F\u00e4higkeiten ist er immer in der Lage, B\u00e4lle festzumachen und anschlie\u00dfend beidf\u00fc\u00dfig oder per Kopf erfolgreich abzuschlie\u00dfen. <\/p>\n\n\n\n<p>Mit einem Sieg w\u00fcrde Hessler weiterhin am unangefochtenen Spitzenreiter aus Disteln dranbleiben. Die Schwarz-Gr\u00fcnen wollen jedoch den Anschluss an das obere Mittelfeld auch nicht verlieren und m\u00fcssen deshalb auch punkten, zumal in den verbleibenden Hinrundenspielen auch noch Gegner wie Vestia Disteln und der Erler Spielverein warten, bei denen die Trauben auch recht hoch h\u00e4ngen. <\/p>\n\n\n\n<p>Sollte die Mannschaft um Kapit\u00e4n Sebastian &#8222;Seppo&#8220; Hagemeister wieder alles an Kampfkraft und Spielfreude in die Waagschale werfen k\u00f6nnen, wird auch der Tabellenzweite seine liebe M\u00fche haben das Spiel zu gewinnen. <\/p>\n","protected":false},"excerpt":{"rendered":"<p>Sonntag, 23.10.22, 15:00 Uhr: SV Zweckel &#8211; SV Gelsenkirchen-Hessler Nach der unn\u00f6tigen Niederlage in H\u00fcls und der schlechten Leistung beim Pokalspiel in Westfalia Gelsenkirchen muss die Mannschaft von Trainer G\u00fcnter Appelt am kommenden Sonntag wieder in die Erfolgsspur finden. Im Vergleich zum Pokalspiel unter der Woche stehen am Sonntag vermutlich wieder mehr Akteure zur Verf\u00fcgung [&hellip;]<\/p>\n","protected":false},"author":3,"featured_media":15260,"comment_status":"open","ping_status":"closed","sticky":false,"template":"","format":"standard","meta":{"_jetpack_memberships_contains_paid_content":false,"footnotes":"","jetpack_publicize_message":"","jetpack_publicize_feature_enabled":true,"jetpack_social_post_already_shared":false,"jetpack_social_options":{"image_generator_settings":{"template":"highway","default_image_id":0,"font":"","enabled":false},"version":2}},"categories":[2],"tags":[],"class_list":["post-15259","post","type-post","status-publish","format-standard","has-post-thumbnail","hentry","category-1-mannschaft"],"jetpack_publicize_connections":[],"jetpack_featured_media_url":"https:\/\/i0.wp.com\/www.svzweckel.de\/wp-content\/uploads\/2022\/10\/DSC_1201.jpg?fit=800%2C450&ssl=1","jetpack_sharing_enabled":true,"_links":{"self":[{"href":"https:\/\/www.svzweckel.de\/index.php?rest_route=\/wp\/v2\/posts\/15259","targetHints":{"allow":["GET"]}}],"collection":[{"href":"https:\/\/www.svzweckel.de\/index.php?rest_route=\/wp\/v2\/posts"}],"about":[{"href":"https:\/\/www.svzweckel.de\/index.php?rest_route=\/wp\/v2\/types\/post"}],"author":[{"embeddable":true,"href":"https:\/\/www.svzweckel.de\/index.php?rest_route=\/wp\/v2\/users\/3"}],"replies":[{"embeddable":true,"href":"https:\/\/www.svzweckel.de\/index.php?rest_route=%2Fwp%2Fv2%2Fcomments&post=15259"}],"version-history":[{"count":0,"href":"https:\/\/www.svzweckel.de\/index.php?rest_route=\/wp\/v2\/posts\/15259\/revisions"}],"wp:featuredmedia":[{"embeddable":true,"href":"https:\/\/www.svzweckel.de\/index.php?rest_route=\/wp\/v2\/media\/15260"}],"wp:attachment":[{"href":"https:\/\/www.svzweckel.de\/index.php?rest_route=%2Fwp%2Fv2%2Fmedia&parent=15259"}],"wp:term":[{"taxonomy":"category","embeddable":true,"href":"https:\/\/www.svzweckel.de\/index.php?rest_route=%2Fwp%2Fv2%2Fcategories&post=15259"},{"taxonomy":"post_tag","embeddable":true,"href":"https:\/\/www.svzweckel.de\/index.php?rest_route=%2Fwp%2Fv2%2Ftags&post=15259"}],"curies":[{"name":"wp","href":"https:\/\/api.w.org\/{rel}","templated":true}]}}