{"id":15265,"date":"2022-10-23T20:31:58","date_gmt":"2022-10-23T18:31:58","guid":{"rendered":"https:\/\/www.svzweckel.de\/?p=15265"},"modified":"2022-10-23T20:32:15","modified_gmt":"2022-10-23T18:32:15","slug":"c1-des-sv-zweckel-gewinnt-das-derby-gegen-rentfort","status":"publish","type":"post","link":"https:\/\/www.svzweckel.de\/?p=15265","title":{"rendered":"C1 des SV Zweckel  gewinnt das Derby gegen Rentfort"},"content":{"rendered":"\n<p>In der C Jugend kam es am Wochenende zum Derby gegen unsere Nachbarn aus Rentfort.<br>Die gr\u00fcn-wei\u00dfen Jungs starteten stark und hatten die Anfangsphase fest im Griff. Nach einem Eckball kamen die Jungs durch einen Kopfball von Moritz zur verdienten F\u00fchrung.<br>Im weiteren Verlauf wurden die Rentforter etwas st\u00e4rker, kamen aber nicht zu zwingenden Torchancen. Kurz vor der Pause dann ein sch\u00f6n vollendeter Konter mit feinem Zuspiel von Riadh auf Ender und es stand 2:0.<br><img data-recalc-dims=\"1\" loading=\"lazy\" decoding=\"async\" width=\"640\" height=\"480\" class=\"wp-image-15268\" style=\"width: 640px;\" src=\"https:\/\/i0.wp.com\/www.svzweckel.de\/wp-content\/uploads\/2022\/10\/Foto-von-Uli1.jpg?resize=640%2C480&#038;ssl=1\" alt=\"\" srcset=\"https:\/\/i0.wp.com\/www.svzweckel.de\/wp-content\/uploads\/2022\/10\/Foto-von-Uli1.jpg?w=800&amp;ssl=1 800w, https:\/\/i0.wp.com\/www.svzweckel.de\/wp-content\/uploads\/2022\/10\/Foto-von-Uli1.jpg?resize=300%2C225&amp;ssl=1 300w, https:\/\/i0.wp.com\/www.svzweckel.de\/wp-content\/uploads\/2022\/10\/Foto-von-Uli1.jpg?resize=150%2C113&amp;ssl=1 150w, https:\/\/i0.wp.com\/www.svzweckel.de\/wp-content\/uploads\/2022\/10\/Foto-von-Uli1.jpg?resize=768%2C576&amp;ssl=1 768w, https:\/\/i0.wp.com\/www.svzweckel.de\/wp-content\/uploads\/2022\/10\/Foto-von-Uli1.jpg?resize=100%2C75&amp;ssl=1 100w, https:\/\/i0.wp.com\/www.svzweckel.de\/wp-content\/uploads\/2022\/10\/Foto-von-Uli1.jpg?resize=50%2C38&amp;ssl=1 50w, https:\/\/i0.wp.com\/www.svzweckel.de\/wp-content\/uploads\/2022\/10\/Foto-von-Uli1.jpg?resize=25%2C19&amp;ssl=1 25w, https:\/\/i0.wp.com\/www.svzweckel.de\/wp-content\/uploads\/2022\/10\/Foto-von-Uli1.jpg?resize=427%2C320&amp;ssl=1 427w, https:\/\/i0.wp.com\/www.svzweckel.de\/wp-content\/uploads\/2022\/10\/Foto-von-Uli1.jpg?resize=160%2C120&amp;ssl=1 160w\" sizes=\"auto, (max-width: 640px) 100vw, 640px\" \/><\/p>\n\n\n\n<p>In der 2ten H\u00e4lfte bestimmte Kampf das Geschehen. Zwei Standardtore entschieden die Partie dann endg\u00fcltig. Ein Freisto\u00df von Tom landete unter der Mithilfe vom Keeper im Kasten. Ein vollendeter Strafsto\u00df von Riadh vollendete das Geschehen.<br>Einen Sch\u00f6nheitspreis gab es zwar nicht zu gewinnen, aber die 3 Punkte blieben verdienterma\u00dfen in Zweckel. Beide Teams zeigten trotz hoher Brisanz und spannender Tabellensituation eine k\u00e4mpferische faire Partie und bewiesen, da\u00df es im Derby auch friedlich zur Sache gehen kann.<br>An dieser Stelle geht auch der Dank an faire\u00a0Rentforter.<\/p>\n","protected":false},"excerpt":{"rendered":"<p>In der C Jugend kam es am Wochenende zum Derby gegen unsere Nachbarn aus Rentfort.Die gr\u00fcn-wei\u00dfen Jungs starteten stark und hatten die Anfangsphase fest im Griff. Nach einem Eckball kamen die Jungs durch einen Kopfball von Moritz zur verdienten F\u00fchrung.Im weiteren Verlauf wurden die Rentforter etwas st\u00e4rker, kamen aber nicht zu zwingenden Torchancen. Kurz vor [&hellip;]<\/p>\n","protected":false},"author":3,"featured_media":15267,"comment_status":"open","ping_status":"closed","sticky":false,"template":"","format":"standard","meta":{"_jetpack_memberships_contains_paid_content":false,"footnotes":"","jetpack_publicize_message":"","jetpack_publicize_feature_enabled":true,"jetpack_social_post_already_shared":false,"jetpack_social_options":{"image_generator_settings":{"template":"highway","default_image_id":0,"font":"","enabled":false},"version":2}},"categories":[28],"tags":[],"class_list":["post-15265","post","type-post","status-publish","format-standard","has-post-thumbnail","hentry","category-c-junioren"],"jetpack_publicize_connections":[],"jetpack_featured_media_url":"https:\/\/i0.wp.com\/www.svzweckel.de\/wp-content\/uploads\/2022\/10\/Foto-von-Uli.jpg?fit=800%2C600&ssl=1","jetpack_sharing_enabled":true,"_links":{"self":[{"href":"https:\/\/www.svzweckel.de\/index.php?rest_route=\/wp\/v2\/posts\/15265","targetHints":{"allow":["GET"]}}],"collection":[{"href":"https:\/\/www.svzweckel.de\/index.php?rest_route=\/wp\/v2\/posts"}],"about":[{"href":"https:\/\/www.svzweckel.de\/index.php?rest_route=\/wp\/v2\/types\/post"}],"author":[{"embeddable":true,"href":"https:\/\/www.svzweckel.de\/index.php?rest_route=\/wp\/v2\/users\/3"}],"replies":[{"embeddable":true,"href":"https:\/\/www.svzweckel.de\/index.php?rest_route=%2Fwp%2Fv2%2Fcomments&post=15265"}],"version-history":[{"count":0,"href":"https:\/\/www.svzweckel.de\/index.php?rest_route=\/wp\/v2\/posts\/15265\/revisions"}],"wp:featuredmedia":[{"embeddable":true,"href":"https:\/\/www.svzweckel.de\/index.php?rest_route=\/wp\/v2\/media\/15267"}],"wp:attachment":[{"href":"https:\/\/www.svzweckel.de\/index.php?rest_route=%2Fwp%2Fv2%2Fmedia&parent=15265"}],"wp:term":[{"taxonomy":"category","embeddable":true,"href":"https:\/\/www.svzweckel.de\/index.php?rest_route=%2Fwp%2Fv2%2Fcategories&post=15265"},{"taxonomy":"post_tag","embeddable":true,"href":"https:\/\/www.svzweckel.de\/index.php?rest_route=%2Fwp%2Fv2%2Ftags&post=15265"}],"curies":[{"name":"wp","href":"https:\/\/api.w.org\/{rel}","templated":true}]}}