{"id":1528,"date":"2014-11-10T04:48:10","date_gmt":"2014-11-10T04:48:10","guid":{"rendered":"http:\/\/www.svzweckel.de\/?p=1528"},"modified":"2014-11-26T21:05:37","modified_gmt":"2014-11-26T21:05:37","slug":"kreispokalfinale-der-c-junioren","status":"publish","type":"post","link":"https:\/\/www.svzweckel.de\/?p=1528","title":{"rendered":"HEUTE Kreispokalfinale der C-Junioren 18:30 Uhr in Zweckel!"},"content":{"rendered":"<p>Heute findet das Kreispokalfinalspiel der C-Junioren auf dem Rasenplatz in Zweckel statt.<\/p>\n<p>Um 18:30 Uhr geht\u00b4s los.<\/p>\n<p>SV Zweckel .\/. SV Horst Emscher 08<\/p>\n<p>Gegen den klassenh\u00f6heren Gegner aus Horst haben unsere Gr\u00fcnhemden nichts zu verlieren und k\u00f6nnen befreit aufspielen.<\/p>\n<p>\u00dcber Unterst\u00fctzung von Zweckeler Seite w\u00fcrden sich die Jungs ganz sicher freuen!<\/p>\n<p>Also lasst Euch sehen, wenn unsere Jungs um den Pokal fighten.<\/p>\n","protected":false},"excerpt":{"rendered":"<p>Heute findet das Kreispokalfinalspiel der C-Junioren auf dem Rasenplatz in Zweckel statt. Um 18:30 Uhr geht\u00b4s los. SV Zweckel .\/. SV Horst Emscher 08 Gegen den klassenh\u00f6heren Gegner aus Horst haben unsere Gr\u00fcnhemden nichts zu verlieren und k\u00f6nnen befreit aufspielen. \u00dcber Unterst\u00fctzung von Zweckeler Seite w\u00fcrden sich die Jungs ganz sicher freuen! Also lasst Euch [&hellip;]<\/p>\n","protected":false},"author":3,"featured_media":862,"comment_status":"open","ping_status":"open","sticky":false,"template":"","format":"standard","meta":{"_jetpack_memberships_contains_paid_content":false,"footnotes":"","jetpack_publicize_message":"","jetpack_publicize_feature_enabled":true,"jetpack_social_post_already_shared":false,"jetpack_social_options":{"image_generator_settings":{"template":"highway","default_image_id":0,"font":"","enabled":false},"version":2}},"categories":[1],"tags":[],"class_list":["post-1528","post","type-post","status-publish","format-standard","has-post-thumbnail","hentry","category-uncategorized"],"jetpack_publicize_connections":[],"jetpack_featured_media_url":"https:\/\/i0.wp.com\/www.svzweckel.de\/wp-content\/uploads\/2014\/08\/2014_SVZ-Jgd.-Mannschaften-51-C1.jpg?fit=600%2C337&ssl=1","jetpack_sharing_enabled":true,"_links":{"self":[{"href":"https:\/\/www.svzweckel.de\/index.php?rest_route=\/wp\/v2\/posts\/1528","targetHints":{"allow":["GET"]}}],"collection":[{"href":"https:\/\/www.svzweckel.de\/index.php?rest_route=\/wp\/v2\/posts"}],"about":[{"href":"https:\/\/www.svzweckel.de\/index.php?rest_route=\/wp\/v2\/types\/post"}],"author":[{"embeddable":true,"href":"https:\/\/www.svzweckel.de\/index.php?rest_route=\/wp\/v2\/users\/3"}],"replies":[{"embeddable":true,"href":"https:\/\/www.svzweckel.de\/index.php?rest_route=%2Fwp%2Fv2%2Fcomments&post=1528"}],"version-history":[{"count":0,"href":"https:\/\/www.svzweckel.de\/index.php?rest_route=\/wp\/v2\/posts\/1528\/revisions"}],"wp:featuredmedia":[{"embeddable":true,"href":"https:\/\/www.svzweckel.de\/index.php?rest_route=\/wp\/v2\/media\/862"}],"wp:attachment":[{"href":"https:\/\/www.svzweckel.de\/index.php?rest_route=%2Fwp%2Fv2%2Fmedia&parent=1528"}],"wp:term":[{"taxonomy":"category","embeddable":true,"href":"https:\/\/www.svzweckel.de\/index.php?rest_route=%2Fwp%2Fv2%2Fcategories&post=1528"},{"taxonomy":"post_tag","embeddable":true,"href":"https:\/\/www.svzweckel.de\/index.php?rest_route=%2Fwp%2Fv2%2Ftags&post=1528"}],"curies":[{"name":"wp","href":"https:\/\/api.w.org\/{rel}","templated":true}]}}