{"id":15292,"date":"2022-10-30T22:37:53","date_gmt":"2022-10-30T21:37:53","guid":{"rendered":"https:\/\/www.svzweckel.de\/?p=15292"},"modified":"2022-10-30T22:38:27","modified_gmt":"2022-10-30T21:38:27","slug":"zurueck-in-der-erfolgsspur","status":"publish","type":"post","link":"https:\/\/www.svzweckel.de\/?p=15292","title":{"rendered":"Zur\u00fcck in der Erfolgsspur!"},"content":{"rendered":"\n<p>Erler Spielverein &#8211; SV Zweckel 0:1 (0:0)<\/p>\n\n\n\n<p>Nach zwei Niederlagen in H\u00fcls und gegen Hessler sind die Zweckeler in Erle wieder in die Erfolgsspur zur\u00fcckgekehrt. Mit einer \u00fcberzeugenden Leistung gewannen die Zweckeler beim Tabellenf\u00fcnften und zeigten den mitgereisten Fans einmal mehr, dass sie auch gegen gute Gegner bestehen k\u00f6nnen. <\/p>\n\n\n\n<p>Trotz vieler Ausf\u00e4lle bot Trainer G\u00fcnter Appelt ein Team auf, welches mit Leidenschaft und Engagement dem Gegner Paroli bot. <\/p>\n\n\n\n<p>Die Zweckeler kamen gut in die Partie und konnten nach 14 Minuten auf dem Weg zum Tor nur durch ein Foul vor dem Sechzehner gestoppt werden. Den f\u00e4lligen Freisto\u00df brachte Moritz Heidenreich mit Zug auf das Tor und der Erler Keeper konnte den Ball noch an die Latte abwehren. Den Nachschuss setzte Jonas Gerfen \u00fcber das Geh\u00e4use.<\/p>\n\n\n\n<p>Im Laufe der ersten Halbzeit zeigten die G\u00e4ste immer wieder, dass sie gewillt waren das Spiel zu gewinnen. Kurz vor dem Seitenwechsel scheiterte Sebastian Waldner zweimal. In der 43. Minute verzog er knapp am linken Eck vorbei und nur eine Minute sp\u00e4ter machte der Erler Torh\u00fcter seinen Schuss zunichte.<\/p>\n\n\n\n<p>Die Schwarz-Gr\u00fcnen machten nach der Pause weiter und erh\u00f6hten den Druck auf den Gastgeber. Marlon Boris tankte sich auf der linken Seite durch und h\u00e4tte m\u00f6glicherweise auch selbst den Abschluss suchen k\u00f6nnen, sein Querpass auf Sven Hagemeister wurde jedoch noch im allerletzten Moment weggespitzelt. <\/p>\n\n\n\n<p>In der 60. Minute scheiterte Sven Hagemeister aus f\u00fcnf Metern am Erler Schlussmann und verpasste somit die mittlerweile mehr als verdiente F\u00fchrung.<\/p>\n\n\n\n<p>Diese sollte ausgerechnet durch den j\u00fcngsten Zweckeler geschehen: Nach einer Flanke von der linken Seite lief Malte Kulmer, der mit Julius Wloch die &#8222;Doppel-Sechs&#8220; besetzte, in den Sechzehner rein und verwandelte mit dem Kopf aus mehr als 10 Metern in den linken oberen Winkel.<\/p>\n\n\n\n<figure class=\"wp-block-image size-full\"><img data-recalc-dims=\"1\" loading=\"lazy\" decoding=\"async\" width=\"640\" height=\"360\" src=\"https:\/\/i0.wp.com\/www.svzweckel.de\/wp-content\/uploads\/2022\/10\/DSC_1269.jpg?resize=640%2C360&#038;ssl=1\" alt=\"\" class=\"wp-image-15294\" srcset=\"https:\/\/i0.wp.com\/www.svzweckel.de\/wp-content\/uploads\/2022\/10\/DSC_1269.jpg?w=800&amp;ssl=1 800w, https:\/\/i0.wp.com\/www.svzweckel.de\/wp-content\/uploads\/2022\/10\/DSC_1269.jpg?resize=300%2C169&amp;ssl=1 300w, https:\/\/i0.wp.com\/www.svzweckel.de\/wp-content\/uploads\/2022\/10\/DSC_1269.jpg?resize=150%2C84&amp;ssl=1 150w, https:\/\/i0.wp.com\/www.svzweckel.de\/wp-content\/uploads\/2022\/10\/DSC_1269.jpg?resize=768%2C432&amp;ssl=1 768w, https:\/\/i0.wp.com\/www.svzweckel.de\/wp-content\/uploads\/2022\/10\/DSC_1269.jpg?resize=640%2C360&amp;ssl=1 640w, https:\/\/i0.wp.com\/www.svzweckel.de\/wp-content\/uploads\/2022\/10\/DSC_1269.jpg?resize=100%2C56&amp;ssl=1 100w, https:\/\/i0.wp.com\/www.svzweckel.de\/wp-content\/uploads\/2022\/10\/DSC_1269.jpg?resize=50%2C28&amp;ssl=1 50w, https:\/\/i0.wp.com\/www.svzweckel.de\/wp-content\/uploads\/2022\/10\/DSC_1269.jpg?resize=25%2C14&amp;ssl=1 25w, https:\/\/i0.wp.com\/www.svzweckel.de\/wp-content\/uploads\/2022\/10\/DSC_1269.jpg?resize=569%2C320&amp;ssl=1 569w, https:\/\/i0.wp.com\/www.svzweckel.de\/wp-content\/uploads\/2022\/10\/DSC_1269.jpg?resize=160%2C90&amp;ssl=1 160w\" sizes=\"auto, (max-width: 640px) 100vw, 640px\" \/><\/figure>\n\n\n\n<p>Die F\u00fchrung hielt am heutigen Sonntag bis zum Ende, wobei die G\u00e4ste es vers\u00e4umten, diese auszubauen und schon rechtzeitig f\u00fcr klare Verh\u00e4ltnisse zu sorgen. <\/p>\n\n\n\n<p>Mit diesem hochverdienten Sieg haben die Schwarz-Gr\u00fcnen nach 12 Spielen 19 Punkte auf der Habenseite und befinden sich damit im Tabellenmittelfeld. <br><\/p>\n","protected":false},"excerpt":{"rendered":"<p>Erler Spielverein &#8211; SV Zweckel 0:1 (0:0) Nach zwei Niederlagen in H\u00fcls und gegen Hessler sind die Zweckeler in Erle wieder in die Erfolgsspur zur\u00fcckgekehrt. Mit einer \u00fcberzeugenden Leistung gewannen die Zweckeler beim Tabellenf\u00fcnften und zeigten den mitgereisten Fans einmal mehr, dass sie auch gegen gute Gegner bestehen k\u00f6nnen. Trotz vieler Ausf\u00e4lle bot Trainer G\u00fcnter [&hellip;]<\/p>\n","protected":false},"author":3,"featured_media":15293,"comment_status":"open","ping_status":"closed","sticky":false,"template":"","format":"standard","meta":{"_jetpack_memberships_contains_paid_content":false,"footnotes":"","jetpack_publicize_message":"","jetpack_publicize_feature_enabled":true,"jetpack_social_post_already_shared":false,"jetpack_social_options":{"image_generator_settings":{"template":"highway","default_image_id":0,"font":"","enabled":false},"version":2}},"categories":[2,3],"tags":[],"class_list":["post-15292","post","type-post","status-publish","format-standard","has-post-thumbnail","hentry","category-1-mannschaft","category-allgemein"],"jetpack_publicize_connections":[],"jetpack_featured_media_url":"https:\/\/i0.wp.com\/www.svzweckel.de\/wp-content\/uploads\/2022\/10\/DSC_1261.jpg?fit=800%2C450&ssl=1","jetpack_sharing_enabled":true,"_links":{"self":[{"href":"https:\/\/www.svzweckel.de\/index.php?rest_route=\/wp\/v2\/posts\/15292","targetHints":{"allow":["GET"]}}],"collection":[{"href":"https:\/\/www.svzweckel.de\/index.php?rest_route=\/wp\/v2\/posts"}],"about":[{"href":"https:\/\/www.svzweckel.de\/index.php?rest_route=\/wp\/v2\/types\/post"}],"author":[{"embeddable":true,"href":"https:\/\/www.svzweckel.de\/index.php?rest_route=\/wp\/v2\/users\/3"}],"replies":[{"embeddable":true,"href":"https:\/\/www.svzweckel.de\/index.php?rest_route=%2Fwp%2Fv2%2Fcomments&post=15292"}],"version-history":[{"count":0,"href":"https:\/\/www.svzweckel.de\/index.php?rest_route=\/wp\/v2\/posts\/15292\/revisions"}],"wp:featuredmedia":[{"embeddable":true,"href":"https:\/\/www.svzweckel.de\/index.php?rest_route=\/wp\/v2\/media\/15293"}],"wp:attachment":[{"href":"https:\/\/www.svzweckel.de\/index.php?rest_route=%2Fwp%2Fv2%2Fmedia&parent=15292"}],"wp:term":[{"taxonomy":"category","embeddable":true,"href":"https:\/\/www.svzweckel.de\/index.php?rest_route=%2Fwp%2Fv2%2Fcategories&post=15292"},{"taxonomy":"post_tag","embeddable":true,"href":"https:\/\/www.svzweckel.de\/index.php?rest_route=%2Fwp%2Fv2%2Ftags&post=15292"}],"curies":[{"name":"wp","href":"https:\/\/api.w.org\/{rel}","templated":true}]}}