{"id":15301,"date":"2022-10-31T10:11:48","date_gmt":"2022-10-31T09:11:48","guid":{"rendered":"https:\/\/www.svzweckel.de\/?p=15301"},"modified":"2022-10-31T10:11:50","modified_gmt":"2022-10-31T09:11:50","slug":"gegen-hiltrop-nachlegen","status":"publish","type":"post","link":"https:\/\/www.svzweckel.de\/?p=15301","title":{"rendered":"Gegen Hiltrop nachlegen"},"content":{"rendered":"\n<p>Sonntag, 06.11.2022, 14:30 Uhr: SV Zweckel &#8211; BV Hiltrop<\/p>\n\n\n\n<p>Nach der \u00fcberzeugenden Vorstellung des SV Zweckel beim Erler SV rangiert die Mannschaft auf dem 9. Tabellenplatz und hat damit Anschluss an die obere Tabellenh\u00e4lfte gefunden. Der Erler SV belegt erzeit  den f\u00fcnften Tabellenplatz und hat drei Punkte mehr auf der Habenseite als der SVZ.<\/p>\n\n\n\n<p>Am vergangenen Sonntag haben sich die Schwarz-Gr\u00fcnen f\u00fcr ein engagiertes Spiel gegen einen gutklassigen Gegner belohnt und haben das Spiel, wenn auch knapp, sicher gewonnen. So kann es in den n\u00e4chsten Spielen weitergehen. Der Kader wird sich in der laufenden Woche wohl wieder f\u00fcllen, zumal zumindest drei Urlauber am Sonntag wieder zur Verf\u00fcgung stehen. <\/p>\n\n\n\n<p>Das soll aber nicht die Leistung der am vergangenen Sonntag agierenden Akteure schm\u00e4lern, denn die Zweckeler hatten in der Startformation einen 18- und drei 19 j\u00e4hrige Spieler (Malte Kulmer, Julius Wloch, Tristan Oben-Stintenberg und Marlon Boris), die entweder noch in den A-Junioren spielen oder sich im ersten Seniorenjahr befinden. <\/p>\n\n\n\n<p>Sie haben mit der gesamten Mannschaft eine tolle Leistung geboten und ein starkes Statement nach den vorangegangenen Niederlagen abgegeben. Das sollte f\u00fcr kommende Aufgaben Mut machen, zumal in der Hinrunde mit Vestia Disteln der unangefochtene Aufstiegsaspirant am 27.11. an der Dorstener Stra\u00dfe seine Visitenkarte abgeben wird. <\/p>\n\n\n\n<p>Nach sechs Niederlagen in Folge konnten die Hiltroper am vergangenen Sonntag mit 6:4 gegen Genclikspor Recklinghausen gewinnen und verschafften sich mit dem Sieg etwas Luft im Abstiegskampf. Mit 11 Punkten weisen die Bochumer so viele Punkte auf wie die vor ihnen stehenden Vereine VfB Kirchhellen und RWT Herne.<\/p>\n\n\n\n<p>Auf die Zweckeler wartet sicher keine leicht Aufgabe. Trotzdem sollte es f\u00fcr die Schwarz-Gr\u00fcnen das Ziel sein, den n\u00e4chsten Dreier festzumachen und sich damit deutlich dem oberen Tabellendrittel anzun\u00e4hern. <\/p>\n\n\n\n<p><\/p>\n","protected":false},"excerpt":{"rendered":"<p>Sonntag, 06.11.2022, 14:30 Uhr: SV Zweckel &#8211; BV Hiltrop Nach der \u00fcberzeugenden Vorstellung des SV Zweckel beim Erler SV rangiert die Mannschaft auf dem 9. Tabellenplatz und hat damit Anschluss an die obere Tabellenh\u00e4lfte gefunden. Der Erler SV belegt erzeit den f\u00fcnften Tabellenplatz und hat drei Punkte mehr auf der Habenseite als der SVZ. Am [&hellip;]<\/p>\n","protected":false},"author":3,"featured_media":15304,"comment_status":"open","ping_status":"closed","sticky":false,"template":"","format":"standard","meta":{"_jetpack_memberships_contains_paid_content":false,"footnotes":"","jetpack_publicize_message":"","jetpack_publicize_feature_enabled":true,"jetpack_social_post_already_shared":false,"jetpack_social_options":{"image_generator_settings":{"template":"highway","default_image_id":0,"font":"","enabled":false},"version":2}},"categories":[2],"tags":[],"class_list":["post-15301","post","type-post","status-publish","format-standard","has-post-thumbnail","hentry","category-1-mannschaft"],"jetpack_publicize_connections":[],"jetpack_featured_media_url":"https:\/\/i0.wp.com\/www.svzweckel.de\/wp-content\/uploads\/2022\/10\/DSC02440.jpg?fit=800%2C533&ssl=1","jetpack_sharing_enabled":true,"_links":{"self":[{"href":"https:\/\/www.svzweckel.de\/index.php?rest_route=\/wp\/v2\/posts\/15301","targetHints":{"allow":["GET"]}}],"collection":[{"href":"https:\/\/www.svzweckel.de\/index.php?rest_route=\/wp\/v2\/posts"}],"about":[{"href":"https:\/\/www.svzweckel.de\/index.php?rest_route=\/wp\/v2\/types\/post"}],"author":[{"embeddable":true,"href":"https:\/\/www.svzweckel.de\/index.php?rest_route=\/wp\/v2\/users\/3"}],"replies":[{"embeddable":true,"href":"https:\/\/www.svzweckel.de\/index.php?rest_route=%2Fwp%2Fv2%2Fcomments&post=15301"}],"version-history":[{"count":0,"href":"https:\/\/www.svzweckel.de\/index.php?rest_route=\/wp\/v2\/posts\/15301\/revisions"}],"wp:featuredmedia":[{"embeddable":true,"href":"https:\/\/www.svzweckel.de\/index.php?rest_route=\/wp\/v2\/media\/15304"}],"wp:attachment":[{"href":"https:\/\/www.svzweckel.de\/index.php?rest_route=%2Fwp%2Fv2%2Fmedia&parent=15301"}],"wp:term":[{"taxonomy":"category","embeddable":true,"href":"https:\/\/www.svzweckel.de\/index.php?rest_route=%2Fwp%2Fv2%2Fcategories&post=15301"},{"taxonomy":"post_tag","embeddable":true,"href":"https:\/\/www.svzweckel.de\/index.php?rest_route=%2Fwp%2Fv2%2Ftags&post=15301"}],"curies":[{"name":"wp","href":"https:\/\/api.w.org\/{rel}","templated":true}]}}