{"id":15315,"date":"2022-11-09T00:01:00","date_gmt":"2022-11-08T23:01:00","guid":{"rendered":"https:\/\/www.svzweckel.de\/?p=15315"},"modified":"2022-11-07T15:38:48","modified_gmt":"2022-11-07T14:38:48","slug":"auswaerts-auf-asche","status":"publish","type":"post","link":"https:\/\/www.svzweckel.de\/?p=15315","title":{"rendered":"Ausw\u00e4rts auf Asche"},"content":{"rendered":"\n<p>Sonntag, 13.11.22, 14:30 Uhr: SG Herne 70 &#8211; SV Zweckel<\/p>\n\n\n\n<p>Nach den knappen Siegen in Erle und gegen Hiltrop steht f\u00fcr den SV Zweckel ein Ausw\u00e4rtsspiel in Herne an. <\/p>\n\n\n\n<p>Die Gastgeber sind gut in die Saison gestartet und befanden sich am 7. Spieltag immerhin auf dem vierten Tabellenplatz. In den letzten f\u00fcnf Partien gewannen die Herner einmal und zwar mit 0:3 beim BV Hiltrop. Mit 5:4 verloren sie in Wattenscheid und lieferten am 30.10. dem haushohen Favoriten Vestia Disteln auf heimischem Gel\u00e4uf einen gro\u00dfen Kampf, den sie jedoch mit 1:3 verloren. Am verganenen Sonntag brachte die SG Herne 70 einen Punkt von Genclikspor mit an die heimische V\u00f6destra\u00dfe.<\/p>\n\n\n\n<p>Mit 19 Punkten k\u00f6nnten die Herner mit einem Sieg an den Zweckelern vorbeiziehen, da sie \u00fcber das bessere Torverh\u00e4ltnis (+8) verf\u00fcgen. Im Herner Tor steht mit B\u00fcnyamin Ert\u00fcrk ein ehemaliger Zweckeler, der nach einigen Jahren an der Dorstener Stra\u00dfe zu Beginn der Saison eine neue Herausforderung suchte und sich derzeit im Herner Tor mit Patrick Rojek von Spiel zu Spiel abl\u00f6st.<\/p>\n\n\n\n<p>Der Sportplatz ist vermutlich auch der gr\u00f6\u00dfte Trumpf der Hausherren, denn auf Asche spielen die Konkurrenten in der Bezirksliga vermutlich relativ selten. <\/p>\n\n\n\n<p>Doch auch dieser Herausforderung werden sich die Zweckeler stellen, zumal mit einem weiteren Sieg die Distanz zu den Abstiegsr\u00e4ngen deutlich vergr\u00f6\u00dfert werden k\u00f6nnte. Am darauffolgenden Sonntag haben die Mannschaften der \u00fcberkreislichen Staffeln gem\u00e4\u00df Rahmenterminkalender frei, es sei denn, sie m\u00fcssten ein Nachholspiel an dem hierf\u00fcr freigehaltenen Termin austragen. <\/p>\n\n\n\n<p><strong>Adresse und Anfahrt: V\u00f6destra\u00dfe 172, 44625 Herne<br><\/strong>\u00fcber die BAB 2\/BAB 42 Richtung Dortmund, auf die BAB 43 Richtung Wuppertal, Abfahrt Bochum-Riemke, nach links auf die Herner Stra\u00dfe in Richtung Herne, nach ca. 300m rechts auf Oberscheidstra\u00dfe, nach ca. 150 m links in die Flottmannstra\u00dfe einbiegen, nach knapp 500m wird die Flottmannstra\u00dfe zur V\u00f6destra\u00dfe, der Sportplatz lieg dann auf der linken Seite.<br><\/p>\n","protected":false},"excerpt":{"rendered":"<p>Sonntag, 13.11.22, 14:30 Uhr: SG Herne 70 &#8211; SV Zweckel Nach den knappen Siegen in Erle und gegen Hiltrop steht f\u00fcr den SV Zweckel ein Ausw\u00e4rtsspiel in Herne an. Die Gastgeber sind gut in die Saison gestartet und befanden sich am 7. Spieltag immerhin auf dem vierten Tabellenplatz. In den letzten f\u00fcnf Partien gewannen die [&hellip;]<\/p>\n","protected":false},"author":3,"featured_media":15310,"comment_status":"open","ping_status":"closed","sticky":false,"template":"","format":"standard","meta":{"_jetpack_memberships_contains_paid_content":false,"footnotes":"","jetpack_publicize_message":"","jetpack_publicize_feature_enabled":true,"jetpack_social_post_already_shared":false,"jetpack_social_options":{"image_generator_settings":{"template":"highway","default_image_id":0,"font":"","enabled":false},"version":2}},"categories":[2],"tags":[],"class_list":["post-15315","post","type-post","status-publish","format-standard","has-post-thumbnail","hentry","category-1-mannschaft"],"jetpack_publicize_connections":[],"jetpack_featured_media_url":"https:\/\/i0.wp.com\/www.svzweckel.de\/wp-content\/uploads\/2022\/11\/DSC_1272.jpg?fit=800%2C450&ssl=1","jetpack_sharing_enabled":true,"_links":{"self":[{"href":"https:\/\/www.svzweckel.de\/index.php?rest_route=\/wp\/v2\/posts\/15315","targetHints":{"allow":["GET"]}}],"collection":[{"href":"https:\/\/www.svzweckel.de\/index.php?rest_route=\/wp\/v2\/posts"}],"about":[{"href":"https:\/\/www.svzweckel.de\/index.php?rest_route=\/wp\/v2\/types\/post"}],"author":[{"embeddable":true,"href":"https:\/\/www.svzweckel.de\/index.php?rest_route=\/wp\/v2\/users\/3"}],"replies":[{"embeddable":true,"href":"https:\/\/www.svzweckel.de\/index.php?rest_route=%2Fwp%2Fv2%2Fcomments&post=15315"}],"version-history":[{"count":0,"href":"https:\/\/www.svzweckel.de\/index.php?rest_route=\/wp\/v2\/posts\/15315\/revisions"}],"wp:featuredmedia":[{"embeddable":true,"href":"https:\/\/www.svzweckel.de\/index.php?rest_route=\/wp\/v2\/media\/15310"}],"wp:attachment":[{"href":"https:\/\/www.svzweckel.de\/index.php?rest_route=%2Fwp%2Fv2%2Fmedia&parent=15315"}],"wp:term":[{"taxonomy":"category","embeddable":true,"href":"https:\/\/www.svzweckel.de\/index.php?rest_route=%2Fwp%2Fv2%2Fcategories&post=15315"},{"taxonomy":"post_tag","embeddable":true,"href":"https:\/\/www.svzweckel.de\/index.php?rest_route=%2Fwp%2Fv2%2Ftags&post=15315"}],"curies":[{"name":"wp","href":"https:\/\/api.w.org\/{rel}","templated":true}]}}