{"id":15320,"date":"2022-11-14T14:18:39","date_gmt":"2022-11-14T13:18:39","guid":{"rendered":"https:\/\/www.svzweckel.de\/?p=15320"},"modified":"2022-11-14T14:18:41","modified_gmt":"2022-11-14T13:18:41","slug":"verdiente-niederlage-in-herne","status":"publish","type":"post","link":"https:\/\/www.svzweckel.de\/?p=15320","title":{"rendered":"Verdiente Niederlage in Herne"},"content":{"rendered":"\n<p>SG Herne 70 &#8211; SV Zweckel 3:1 (1:1)<\/p>\n\n\n\n<p>Das war ein gebrauchter Tag auf dem unangenehmen Untergrund in Herne. Die Zweckeler brauchten eine gute Viertelstunde, um sich an das ungewohnte Gel\u00e4uf zu gew\u00f6hnen. Da lagen sie aber schon mit 1:0 zur\u00fcck, denn die Gastgeber erwischten eine Start nach Ma\u00df und netzten bereits nach 6 Minuten ein. <\/p>\n\n\n\n<p>Der agile Mittelst\u00fcrmer der Gastgeber hatte sich auf der linken Seite durchgesetzt und den Ball nach innen gepasst, wo ein G\u00e4stespieler den Ball aus f\u00fcnf Metern nur \u00fcber die Linie dr\u00fccken musste. Danach dauerte es noch ca. 10 Minuten bis die Zweckeler erstmalig vielversprechenden Angriffe nach vorne brachten. Diese waren zwar h\u00e4ufig gef\u00e4hrlich aber am Sonntag war es fast wie immer: beste Gelegenheiten vor dem Tor konnten nicht genutzt werden, so dass sich fast schon alle Beteiligten mit dem knappen R\u00fcckstand in der Pause w\u00e4hnten. <\/p>\n\n\n\n<p>Ein Freisto\u00df in der letzten Minute der ersten Halbzeit sorgte jedoch f\u00fcr den Ausgleich. Moritz Heidenreich drosch den Ball aus gut 30 Metern \u00fcber den verdutzten ehemaligen Zweckeler Keeper B\u00fcnyamin Ert\u00fcrk unter die Latte.<\/p>\n\n\n\n<p>Nach der Halbzeit begann das Spiel genauso wie in den ersten 45 Minuten. Herne machte Druck und kam durch eine schlecht verteidigte Flanke und den anschlie\u00dfenden Kopfball zur F\u00fchrung. <\/p>\n\n\n\n<p>Nur eine Minute sp\u00e4ter wurde Sebastian Waldner beim Zulaufen auf den Torh\u00fcter von seinem Gegenspieler festgehalten und an einer klaren Torchance durch den letzten Mann der Gastgeber gehindert. Der Schiedsrichter zeigte zur allgemeinen \u00dcberraschung jedoch keine rote Karte sondern belie\u00df es beim gelben Karton. <\/p>\n\n\n\n<p>Die G\u00e4ste rannten jetzt kopfloser an und kassierten einen gut gespielten Konter zum 3:1.<\/p>\n\n\n\n<p>Das war dann auch schon der Endstand, denn trotz einiger weniger Chancen waren die Zweckeler an diesem Tag nicht in der Lage, dem Gegner wirklich Paroli zu bieten. Herne ging robust in die Zweik\u00e4mpfe und lie\u00df keine Zweifel aufkommen, dass nur die Gastgeber als Sieger vom Platz gehen w\u00fcrden. Die Schwarz-Gr\u00fcnen lieferten dagegen eine sehr schwache zweite Halbzeit ab und sollten in den verbliebenen Spielen der Hinrunden noch einige Punkte erk\u00e4mpfen.<\/p>\n","protected":false},"excerpt":{"rendered":"<p>SG Herne 70 &#8211; SV Zweckel 3:1 (1:1) Das war ein gebrauchter Tag auf dem unangenehmen Untergrund in Herne. Die Zweckeler brauchten eine gute Viertelstunde, um sich an das ungewohnte Gel\u00e4uf zu gew\u00f6hnen. Da lagen sie aber schon mit 1:0 zur\u00fcck, denn die Gastgeber erwischten eine Start nach Ma\u00df und netzten bereits nach 6 Minuten [&hellip;]<\/p>\n","protected":false},"author":3,"featured_media":15321,"comment_status":"open","ping_status":"closed","sticky":false,"template":"","format":"standard","meta":{"_jetpack_memberships_contains_paid_content":false,"footnotes":"","jetpack_publicize_message":"","jetpack_publicize_feature_enabled":true,"jetpack_social_post_already_shared":false,"jetpack_social_options":{"image_generator_settings":{"template":"highway","default_image_id":0,"font":"","enabled":false},"version":2}},"categories":[2],"tags":[],"class_list":["post-15320","post","type-post","status-publish","format-standard","has-post-thumbnail","hentry","category-1-mannschaft"],"jetpack_publicize_connections":[],"jetpack_featured_media_url":"https:\/\/i0.wp.com\/www.svzweckel.de\/wp-content\/uploads\/2022\/11\/SG-Herne.jpg?fit=800%2C450&ssl=1","jetpack_sharing_enabled":true,"_links":{"self":[{"href":"https:\/\/www.svzweckel.de\/index.php?rest_route=\/wp\/v2\/posts\/15320","targetHints":{"allow":["GET"]}}],"collection":[{"href":"https:\/\/www.svzweckel.de\/index.php?rest_route=\/wp\/v2\/posts"}],"about":[{"href":"https:\/\/www.svzweckel.de\/index.php?rest_route=\/wp\/v2\/types\/post"}],"author":[{"embeddable":true,"href":"https:\/\/www.svzweckel.de\/index.php?rest_route=\/wp\/v2\/users\/3"}],"replies":[{"embeddable":true,"href":"https:\/\/www.svzweckel.de\/index.php?rest_route=%2Fwp%2Fv2%2Fcomments&post=15320"}],"version-history":[{"count":0,"href":"https:\/\/www.svzweckel.de\/index.php?rest_route=\/wp\/v2\/posts\/15320\/revisions"}],"wp:featuredmedia":[{"embeddable":true,"href":"https:\/\/www.svzweckel.de\/index.php?rest_route=\/wp\/v2\/media\/15321"}],"wp:attachment":[{"href":"https:\/\/www.svzweckel.de\/index.php?rest_route=%2Fwp%2Fv2%2Fmedia&parent=15320"}],"wp:term":[{"taxonomy":"category","embeddable":true,"href":"https:\/\/www.svzweckel.de\/index.php?rest_route=%2Fwp%2Fv2%2Fcategories&post=15320"},{"taxonomy":"post_tag","embeddable":true,"href":"https:\/\/www.svzweckel.de\/index.php?rest_route=%2Fwp%2Fv2%2Ftags&post=15320"}],"curies":[{"name":"wp","href":"https:\/\/api.w.org\/{rel}","templated":true}]}}