{"id":15326,"date":"2022-11-17T18:59:12","date_gmt":"2022-11-17T17:59:12","guid":{"rendered":"https:\/\/www.svzweckel.de\/?p=15326"},"modified":"2022-11-17T19:02:13","modified_gmt":"2022-11-17T18:02:13","slug":"paukenschlag-in-zweckel","status":"publish","type":"post","link":"https:\/\/www.svzweckel.de\/?p=15326","title":{"rendered":"Paukenschlag in Zweckel"},"content":{"rendered":"\n<p>Die B\u00fcrgermeisterin der Stadt Gladbeck Bettina Weist hat nach R\u00fccksprache mit dem SV Zweckel und dem BV Rentfort eine Alternative zum Umzug nach Scholven vorgeschlagen, der beiden Vereinen zugute kommen soll.<\/p>\n\n\n\n<p>Am Standort Dorstener Stra\u00dfe (Rasenplatz) soll ein Kunstrasenplatz gebaut werden, der unter Beachtung des L\u00e4rmschutzes betrieben werden kann.<\/p>\n\n\n\n<p>Dieser Vorschlag k\u00f6nnte jetzt mit einer Machbarkeitsstudie \u00fcberpr\u00fcft werden, in welche auch eine \u00dcberpr\u00fcfung des Standortes Enfieldstra\u00dfe (ehemaliger ASV-Sportplatz) einbezogen w\u00fcrde.<\/p>\n\n\n\n<p>Sollte das Ergebnis sein, dass grunds\u00e4tzlich der Betrieb eines Kunstrasenplatzes an der Dorstener Stra\u00dfe m\u00f6glich ist, m\u00fcsste der SV Zweckel vermutlich bei einer erwartbar gro\u00dfen Anzahl an Zuschauern aus L\u00e4rmschutzgr\u00fcnden f\u00fcr einige wenige Heimspiele auf einen Ausweichplatz umziehen.<\/p>\n\n\n\n<p>Hier k\u00f6nnte in einigen Jahren ein neu zu errichtender Platz an der Enfieldstra\u00dfe als Ersatz dienen. Dieser im Nachgang zum Neubau der abgebrannten Sporthalle neu zu bauender Sportplatz k\u00f6nnte zu gleichen Anteilen unter der Woche sowohl vom BV Rentfort als auch vom SV Zweckel zu Trainingszwecken genutzt werden.<\/p>\n\n\n\n<p>Die Rentforter Anlage an der Hegestra\u00dfe platzt aus allen N\u00e4hten und der Nachbarverein ist um eine Alternativl\u00f6sung bzw. Ausweichm\u00f6glichkeit f\u00fcr seine vielen Mannschaften verlegen. <\/p>\n\n\n\n<p>Der SV Zweckel freut sich, dass die Verwaltungsspitze der Stadt Gladbeck eine L\u00f6sungsm\u00f6glichkeit aufgezeigt hat, die dem Verein die M\u00f6glichkeit gibt an seinem angestammten Platz zu bleiben und die Sportanlage an der Dorstener Stra\u00dfe auch weiterhin nutzen zu k\u00f6nnen.<\/p>\n\n\n\n<p><a href=\"https:\/\/www.gladbeck.de\/index.asp?form=detail&amp;db=404&amp;id=4172\">Hier ist die offizielle Stellungnahme der Stadt Gladbeck.<\/a><\/p>\n\n\n\n<p>Der SV Zweckel wird die weitere Entwicklung aktiv begleiten und die interessierten Mitglieder und Fans auf dem Laufenden halten.<\/p>\n","protected":false},"excerpt":{"rendered":"<p>Die B\u00fcrgermeisterin der Stadt Gladbeck Bettina Weist hat nach R\u00fccksprache mit dem SV Zweckel und dem BV Rentfort eine Alternative zum Umzug nach Scholven vorgeschlagen, der beiden Vereinen zugute kommen soll. Am Standort Dorstener Stra\u00dfe (Rasenplatz) soll ein Kunstrasenplatz gebaut werden, der unter Beachtung des L\u00e4rmschutzes betrieben werden kann. Dieser Vorschlag k\u00f6nnte jetzt mit einer [&hellip;]<\/p>\n","protected":false},"author":3,"featured_media":15327,"comment_status":"open","ping_status":"closed","sticky":false,"template":"","format":"standard","meta":{"_jetpack_memberships_contains_paid_content":false,"footnotes":"","jetpack_publicize_message":"","jetpack_publicize_feature_enabled":true,"jetpack_social_post_already_shared":false,"jetpack_social_options":{"image_generator_settings":{"template":"highway","default_image_id":0,"font":"","enabled":false},"version":2}},"categories":[3],"tags":[],"class_list":["post-15326","post","type-post","status-publish","format-standard","has-post-thumbnail","hentry","category-allgemein"],"jetpack_publicize_connections":[],"jetpack_featured_media_url":"https:\/\/i0.wp.com\/www.svzweckel.de\/wp-content\/uploads\/2022\/11\/DJI_0215.jpg?fit=800%2C450&ssl=1","jetpack_sharing_enabled":true,"_links":{"self":[{"href":"https:\/\/www.svzweckel.de\/index.php?rest_route=\/wp\/v2\/posts\/15326","targetHints":{"allow":["GET"]}}],"collection":[{"href":"https:\/\/www.svzweckel.de\/index.php?rest_route=\/wp\/v2\/posts"}],"about":[{"href":"https:\/\/www.svzweckel.de\/index.php?rest_route=\/wp\/v2\/types\/post"}],"author":[{"embeddable":true,"href":"https:\/\/www.svzweckel.de\/index.php?rest_route=\/wp\/v2\/users\/3"}],"replies":[{"embeddable":true,"href":"https:\/\/www.svzweckel.de\/index.php?rest_route=%2Fwp%2Fv2%2Fcomments&post=15326"}],"version-history":[{"count":0,"href":"https:\/\/www.svzweckel.de\/index.php?rest_route=\/wp\/v2\/posts\/15326\/revisions"}],"wp:featuredmedia":[{"embeddable":true,"href":"https:\/\/www.svzweckel.de\/index.php?rest_route=\/wp\/v2\/media\/15327"}],"wp:attachment":[{"href":"https:\/\/www.svzweckel.de\/index.php?rest_route=%2Fwp%2Fv2%2Fmedia&parent=15326"}],"wp:term":[{"taxonomy":"category","embeddable":true,"href":"https:\/\/www.svzweckel.de\/index.php?rest_route=%2Fwp%2Fv2%2Fcategories&post=15326"},{"taxonomy":"post_tag","embeddable":true,"href":"https:\/\/www.svzweckel.de\/index.php?rest_route=%2Fwp%2Fv2%2Ftags&post=15326"}],"curies":[{"name":"wp","href":"https:\/\/api.w.org\/{rel}","templated":true}]}}