{"id":15333,"date":"2022-11-24T12:43:18","date_gmt":"2022-11-24T11:43:18","guid":{"rendered":"https:\/\/www.svzweckel.de\/?p=15333"},"modified":"2022-11-24T12:43:21","modified_gmt":"2022-11-24T11:43:21","slug":"bonusspiel-gegen-den-spitzenreiter","status":"publish","type":"post","link":"https:\/\/www.svzweckel.de\/?p=15333","title":{"rendered":"Bonusspiel gegen den Spitzenreiter"},"content":{"rendered":"\n<p>Sonntag, 27.11.22, 14:30 Uhr: SV Zweckel &#8211; SV Vestia Disteln<\/p>\n\n\n\n<p>David gegen Goliath! So k\u00f6nnte man das kommende Spiel des SV Zweckel gegen SV Vestia Disteln beschreiben. <\/p>\n\n\n\n<p>Die Zweckeler, die bislang eine gute Saison spielen, befinden sich aktuell auf dem 9. Tabellenplatz der Bezirksliga. Der Gegner aus Herten hat 13 seiner 14 Spiele gewonnen und konnte nur beim Ausw\u00e4rtsspiel in Kirchhellen auf dem Rasenplatz an der Loewenfeldstra\u00dfe keinen Sieg einfahren und musste sich mit einem Unentschieden begn\u00fcgen. <\/p>\n\n\n\n<p>Mit 70 geschossenen Toren stellt Disteln als Spitzenreiter der Bezirksliga den mit Abstand besten Sturm und hat damit im Durchschnitt f\u00fcnf Treffer pro Spiel erzielt. In der Defensive stellen die Distelner nach dem FC Marl jedoch nur die zweitbeste Abwehr, denn mit 14 Treffern haben sie im Schnitt jeweils einen Treffer pro Spiel zugelassen.<\/p>\n\n\n\n<p>Die Schwarz-Gr\u00fcnen mussten allerdings auch erst 19 Gegentreffer hinnehmen, haben mit 21 erzielten Treffern aber immerhin drei Treffer weniger erzielt als Philip M\u00fcller, dem besten Torsch\u00fctze der Liga, der immerhin schon 24 mal f\u00fcr den sonnt\u00e4glichen Gegner getroffen hat. Auch der zweitbeste Torsch\u00fctze der Bezirksliga kommt aus Disteln und hie\u00dft Justin Gruber, der auch einmal mehr traf als die gesamte Zweckeler Manschaft.<\/p>\n\n\n\n<p>Durch diese Zahlenspiele wird deutlich, dass die G\u00e4ste der eindeutige Favorit in der Partie sind und der SV Zweckel nur kleine Au\u00dfenseiterchancen besitzt. Doch die will die Mannschaft von Trainer G\u00fcnter Appelt nat\u00fcrlich so lange wie m\u00f6glich wahren und wird am kommenden Sonntag viel Kampf und Moral einbringen m\u00fcssen, um eine erwartbare Niederlage abwenden zu k\u00f6nnen.<\/p>\n\n\n\n<p> <\/p>\n","protected":false},"excerpt":{"rendered":"<p>Sonntag, 27.11.22, 14:30 Uhr: SV Zweckel &#8211; SV Vestia Disteln David gegen Goliath! So k\u00f6nnte man das kommende Spiel des SV Zweckel gegen SV Vestia Disteln beschreiben. Die Zweckeler, die bislang eine gute Saison spielen, befinden sich aktuell auf dem 9. Tabellenplatz der Bezirksliga. Der Gegner aus Herten hat 13 seiner 14 Spiele gewonnen und [&hellip;]<\/p>\n","protected":false},"author":3,"featured_media":15260,"comment_status":"open","ping_status":"closed","sticky":false,"template":"","format":"standard","meta":{"_jetpack_memberships_contains_paid_content":false,"footnotes":"","jetpack_publicize_message":"","jetpack_publicize_feature_enabled":true,"jetpack_social_post_already_shared":false,"jetpack_social_options":{"image_generator_settings":{"template":"highway","default_image_id":0,"font":"","enabled":false},"version":2}},"categories":[2],"tags":[],"class_list":["post-15333","post","type-post","status-publish","format-standard","has-post-thumbnail","hentry","category-1-mannschaft"],"jetpack_publicize_connections":[],"jetpack_featured_media_url":"https:\/\/i0.wp.com\/www.svzweckel.de\/wp-content\/uploads\/2022\/10\/DSC_1201.jpg?fit=800%2C450&ssl=1","jetpack_sharing_enabled":true,"_links":{"self":[{"href":"https:\/\/www.svzweckel.de\/index.php?rest_route=\/wp\/v2\/posts\/15333","targetHints":{"allow":["GET"]}}],"collection":[{"href":"https:\/\/www.svzweckel.de\/index.php?rest_route=\/wp\/v2\/posts"}],"about":[{"href":"https:\/\/www.svzweckel.de\/index.php?rest_route=\/wp\/v2\/types\/post"}],"author":[{"embeddable":true,"href":"https:\/\/www.svzweckel.de\/index.php?rest_route=\/wp\/v2\/users\/3"}],"replies":[{"embeddable":true,"href":"https:\/\/www.svzweckel.de\/index.php?rest_route=%2Fwp%2Fv2%2Fcomments&post=15333"}],"version-history":[{"count":0,"href":"https:\/\/www.svzweckel.de\/index.php?rest_route=\/wp\/v2\/posts\/15333\/revisions"}],"wp:featuredmedia":[{"embeddable":true,"href":"https:\/\/www.svzweckel.de\/index.php?rest_route=\/wp\/v2\/media\/15260"}],"wp:attachment":[{"href":"https:\/\/www.svzweckel.de\/index.php?rest_route=%2Fwp%2Fv2%2Fmedia&parent=15333"}],"wp:term":[{"taxonomy":"category","embeddable":true,"href":"https:\/\/www.svzweckel.de\/index.php?rest_route=%2Fwp%2Fv2%2Fcategories&post=15333"},{"taxonomy":"post_tag","embeddable":true,"href":"https:\/\/www.svzweckel.de\/index.php?rest_route=%2Fwp%2Fv2%2Ftags&post=15333"}],"curies":[{"name":"wp","href":"https:\/\/api.w.org\/{rel}","templated":true}]}}