{"id":15341,"date":"2022-11-30T20:24:04","date_gmt":"2022-11-30T19:24:04","guid":{"rendered":"https:\/\/www.svzweckel.de\/?p=15341"},"modified":"2023-01-22T22:40:48","modified_gmt":"2023-01-22T21:40:48","slug":"naechster-schritt-beim-sportplatzumbau","status":"publish","type":"post","link":"https:\/\/www.svzweckel.de\/?p=15341","title":{"rendered":"N\u00e4chster Schritt beim Sportplatzumbau"},"content":{"rendered":"\n<p>Am heutigen Mittwoch, dem 30.11.22, tagte der Sportausschuss der Stadt Gladbeck im Ratssaal. Ein Tagesordnungspunkt befasste sich mit dem Vorschlag der Vorsitzenden des BV Rentfort (Reinhard &#8222;Shorty&#8220; Schwarz) und des SV Zweckel (Uli Wloch), einen neu zu errichtenden Sportplatz an der Enfieldstra\u00dfe gemeinsam zu nutzen. <\/p>\n\n\n\n<p>Der Rasenplatz an der Dorstener Stra\u00dfe k\u00f6nnte zu einem Kunstrasenplatz umgestaltet werden. Dort k\u00f6nnte der SV Zweckel dann seine Ligaspiele innerhalb der geltendenL\u00e4rmschutzbedingungen austragen. Bei zu erwartenden h\u00f6heren Zuschauerzahlen w\u00fcrde der Verein zur Enfieldstra\u00dfe nach Rentfort-Nord ausweichen. Denn im Zuge der kompletten Neuplanung mit neuer Sporthalle, k\u00f6nnte an der Enfieldstra\u00dfe auch ein Kunstrasenplatz f\u00fcr eine gemeinsame Nutzung durch den SV Zweckel und den BV Rentfort entstehen. Durch den Hallenbrand im Oktober letzten Jahres besteht jetzt noch einmal die Chance, die Sportfl\u00e4chen insgesamt neu zu gestalten. Vom BV Rentfort wurde signalisiert, dass dringender Bedarf f\u00fcr weitere Trainings-und Spielm\u00f6glichkeiten besteht, da aufgrund der beschr\u00e4nkten Kapazit\u00e4ten des Sportplatzes an der Hegestra\u00dfe bereits viele Kinder abgewiesen werden mussten<\/p>\n\n\n\n<p>In der anschlie\u00dfenden Diskussion im Sportausschuss unterst\u00fctzten alle anwesenden Parteien diesen Vorschlag und stimmten einstimmig f\u00fcr den folgenden Beschlussvorschlag: <\/p>\n\n\n\n<p><strong>Die Verwaltung wird beauftragt den Vorschlag zur Umgestaltung des Sportplatzes an der Dorstener Stra\u00dfe und die Neugestaltung der Sportanlage an der Enfieldstra\u00dfe f\u00fcr eine gemeinsame L\u00f6sung f\u00fcr den SV Zweckel und den BV Rentfort zu pr\u00fcfen (Machbarkeitsstudie). Die Planungen des interkommunalen Sportprojektes an der Baulandstra\u00dfe werden zun\u00e4chst zur\u00fcckgestellt. <\/strong><\/p>\n\n\n\n<p>Die Machbarkeitsstudie soll zur Sportausschusssitzung im M\u00e4rz n\u00e4chsten Jahres vorliegen. Danach k\u00f6nnte es, bei einem positiven Bescheid, sehr schnell mit der Umsetzung gehen, da im n\u00e4chsten Jahr bereits 1,5 Millionen Euro f\u00fcr einen Sportplatzneubau in den Haushalt eingestellt werden. <\/p>\n\n\n\n<p><\/p>\n","protected":false},"excerpt":{"rendered":"<p>Am heutigen Mittwoch, dem 30.11.22, tagte der Sportausschuss der Stadt Gladbeck im Ratssaal. Ein Tagesordnungspunkt befasste sich mit dem Vorschlag der Vorsitzenden des BV Rentfort (Reinhard &#8222;Shorty&#8220; Schwarz) und des SV Zweckel (Uli Wloch), einen neu zu errichtenden Sportplatz an der Enfieldstra\u00dfe gemeinsam zu nutzen. Der Rasenplatz an der Dorstener Stra\u00dfe k\u00f6nnte zu einem Kunstrasenplatz [&hellip;]<\/p>\n","protected":false},"author":3,"featured_media":15342,"comment_status":"open","ping_status":"closed","sticky":false,"template":"","format":"standard","meta":{"_jetpack_memberships_contains_paid_content":false,"footnotes":"","jetpack_publicize_message":"","jetpack_publicize_feature_enabled":true,"jetpack_social_post_already_shared":false,"jetpack_social_options":{"image_generator_settings":{"template":"highway","default_image_id":0,"font":"","enabled":false},"version":2}},"categories":[3],"tags":[],"class_list":["post-15341","post","type-post","status-publish","format-standard","has-post-thumbnail","hentry","category-allgemein"],"jetpack_publicize_connections":[],"jetpack_featured_media_url":"https:\/\/i0.wp.com\/www.svzweckel.de\/wp-content\/uploads\/2022\/11\/DJI_0224.jpg?fit=800%2C450&ssl=1","jetpack_sharing_enabled":true,"_links":{"self":[{"href":"https:\/\/www.svzweckel.de\/index.php?rest_route=\/wp\/v2\/posts\/15341","targetHints":{"allow":["GET"]}}],"collection":[{"href":"https:\/\/www.svzweckel.de\/index.php?rest_route=\/wp\/v2\/posts"}],"about":[{"href":"https:\/\/www.svzweckel.de\/index.php?rest_route=\/wp\/v2\/types\/post"}],"author":[{"embeddable":true,"href":"https:\/\/www.svzweckel.de\/index.php?rest_route=\/wp\/v2\/users\/3"}],"replies":[{"embeddable":true,"href":"https:\/\/www.svzweckel.de\/index.php?rest_route=%2Fwp%2Fv2%2Fcomments&post=15341"}],"version-history":[{"count":0,"href":"https:\/\/www.svzweckel.de\/index.php?rest_route=\/wp\/v2\/posts\/15341\/revisions"}],"wp:featuredmedia":[{"embeddable":true,"href":"https:\/\/www.svzweckel.de\/index.php?rest_route=\/wp\/v2\/media\/15342"}],"wp:attachment":[{"href":"https:\/\/www.svzweckel.de\/index.php?rest_route=%2Fwp%2Fv2%2Fmedia&parent=15341"}],"wp:term":[{"taxonomy":"category","embeddable":true,"href":"https:\/\/www.svzweckel.de\/index.php?rest_route=%2Fwp%2Fv2%2Fcategories&post=15341"},{"taxonomy":"post_tag","embeddable":true,"href":"https:\/\/www.svzweckel.de\/index.php?rest_route=%2Fwp%2Fv2%2Ftags&post=15341"}],"curies":[{"name":"wp","href":"https:\/\/api.w.org\/{rel}","templated":true}]}}