{"id":15347,"date":"2022-12-01T15:28:41","date_gmt":"2022-12-01T14:28:41","guid":{"rendered":"https:\/\/www.svzweckel.de\/?p=15347"},"modified":"2022-12-01T15:28:43","modified_gmt":"2022-12-01T14:28:43","slug":"letztes-auswaertsspiel-des-jahres-bei-genclikspor-recklinghausen","status":"publish","type":"post","link":"https:\/\/www.svzweckel.de\/?p=15347","title":{"rendered":"Letztes Ausw\u00e4rtsspiel des Jahres bei Genclikspor Recklinghausen"},"content":{"rendered":"\n<p>Sonntag, 04.12.22, 14:30 Uhr: Genclikspor Recklinghausen &#8211; SV Zweckel<\/p>\n\n\n\n<p>Das letzte Ausw\u00e4rtsspiel in 2022 steht an und f\u00fchrt den SV Zweckel nach Recklinghausen. Die Gastgeber haben am letzten Sonntag beim Abstiegskonkurrenten DJK Wattenscheid mit 1:3 gewonnen und damit den Anschluss ans Mittelfeld geschafft. <\/p>\n\n\n\n<p>Die Zweckeler verloren trotz gutem Spiel mit 2:5 gegen Vestia Disteln und wollen in den letzten beiden Spielen noch einmal punkten. Mindestens drei Punkte sollen dabei herauskommen, denn mit 25 Punkten auf der Habenseite k\u00f6nnten die Schwarz-Gr\u00fcnen beruhigt in die Winterpause gehen. <\/p>\n\n\n\n<p>Bei Genclikspor treffen die G\u00e4ste auf ein \u00e4hnliches Gel\u00e4uf wie an der heimischen Dorstener Stra\u00dfe. Der Rasen an der Bochum Stra\u00dfe ist bei diesem Wetter tief und schwer und wird den Zweckelern alles abverlangen. <\/p>\n\n\n\n<p>Beim letzten Aufeinandertreffen, damals noch in der Bezirksliga 14, trennten sich die Kontrahenten 2:2. Zu dem Zeitpunkt hatten die Zweckeler am 10. Spieltag lediglich 9 Punkte auf der Habenseite, damit aber immer noch drei mehr als der Gegner aus Recklinghausen. <\/p>\n\n\n\n<p>Am Sonntag stehen G\u00fcnter Appelt hoffentlich wieder mehr Spieler als beim Spiel gegen den Spitzenreiter zur Verf\u00fcgung, denn neben Armand Lalo Penka Kouesso befand sich nur noch Yasin Muslubas als Torh\u00fcter auf der Ersatzbank.<\/p>\n","protected":false},"excerpt":{"rendered":"<p>Sonntag, 04.12.22, 14:30 Uhr: Genclikspor Recklinghausen &#8211; SV Zweckel Das letzte Ausw\u00e4rtsspiel in 2022 steht an und f\u00fchrt den SV Zweckel nach Recklinghausen. Die Gastgeber haben am letzten Sonntag beim Abstiegskonkurrenten DJK Wattenscheid mit 1:3 gewonnen und damit den Anschluss ans Mittelfeld geschafft. Die Zweckeler verloren trotz gutem Spiel mit 2:5 gegen Vestia Disteln und [&hellip;]<\/p>\n","protected":false},"author":3,"featured_media":15190,"comment_status":"open","ping_status":"closed","sticky":false,"template":"","format":"standard","meta":{"_jetpack_memberships_contains_paid_content":false,"footnotes":"","jetpack_publicize_message":"","jetpack_publicize_feature_enabled":true,"jetpack_social_post_already_shared":false,"jetpack_social_options":{"image_generator_settings":{"template":"highway","default_image_id":0,"font":"","enabled":false},"version":2}},"categories":[2],"tags":[],"class_list":["post-15347","post","type-post","status-publish","format-standard","has-post-thumbnail","hentry","category-1-mannschaft"],"jetpack_publicize_connections":[],"jetpack_featured_media_url":"https:\/\/i0.wp.com\/www.svzweckel.de\/wp-content\/uploads\/2022\/09\/DSC02296.jpg?fit=800%2C533&ssl=1","jetpack_sharing_enabled":true,"_links":{"self":[{"href":"https:\/\/www.svzweckel.de\/index.php?rest_route=\/wp\/v2\/posts\/15347","targetHints":{"allow":["GET"]}}],"collection":[{"href":"https:\/\/www.svzweckel.de\/index.php?rest_route=\/wp\/v2\/posts"}],"about":[{"href":"https:\/\/www.svzweckel.de\/index.php?rest_route=\/wp\/v2\/types\/post"}],"author":[{"embeddable":true,"href":"https:\/\/www.svzweckel.de\/index.php?rest_route=\/wp\/v2\/users\/3"}],"replies":[{"embeddable":true,"href":"https:\/\/www.svzweckel.de\/index.php?rest_route=%2Fwp%2Fv2%2Fcomments&post=15347"}],"version-history":[{"count":0,"href":"https:\/\/www.svzweckel.de\/index.php?rest_route=\/wp\/v2\/posts\/15347\/revisions"}],"wp:featuredmedia":[{"embeddable":true,"href":"https:\/\/www.svzweckel.de\/index.php?rest_route=\/wp\/v2\/media\/15190"}],"wp:attachment":[{"href":"https:\/\/www.svzweckel.de\/index.php?rest_route=%2Fwp%2Fv2%2Fmedia&parent=15347"}],"wp:term":[{"taxonomy":"category","embeddable":true,"href":"https:\/\/www.svzweckel.de\/index.php?rest_route=%2Fwp%2Fv2%2Fcategories&post=15347"},{"taxonomy":"post_tag","embeddable":true,"href":"https:\/\/www.svzweckel.de\/index.php?rest_route=%2Fwp%2Fv2%2Ftags&post=15347"}],"curies":[{"name":"wp","href":"https:\/\/api.w.org\/{rel}","templated":true}]}}