{"id":15359,"date":"2022-12-09T13:45:33","date_gmt":"2022-12-09T12:45:33","guid":{"rendered":"https:\/\/www.svzweckel.de\/?p=15359"},"modified":"2022-12-09T13:45:34","modified_gmt":"2022-12-09T12:45:34","slug":"letztes-heimspiel-im-jahr-2022","status":"publish","type":"post","link":"https:\/\/www.svzweckel.de\/?p=15359","title":{"rendered":"Letztes Heimspiel im Jahr 2022"},"content":{"rendered":"\n<p>Sonntag, 11.12.2022, 14:30 Uhr: SV Zweckel &#8211; DJK Wattenscheid<\/p>\n\n\n\n<p>Nach dem entt\u00e4uschenden Abschneiden am vergangenen Sonntag bei Genclikspor Recklinghausen wollen es die Zweckeler gegen einen weiteren direkten Konkurrenten besser machen.<\/p>\n\n\n\n<p>Dazu ist es allerdings erforderlich, dass die Schwarz-Gr\u00fcnen mal wieder das Tor treffen und aus den zahlreichen Chancen auch Kapital schlagen. <\/p>\n\n\n\n<p>Die G\u00e4ste haben am letzten Sonntag mit 3:1 gegen Kirchhellen gewonnen und sich damit ins untere Mittelfeld vorgearbeitet. Mit einem Sieg k\u00f6nnten sie mit den Zweckelern gleichziehen und werden sicher alles daran setzen, den Abstand zu den Abstiegspl\u00e4tzen zu vergr\u00f6\u00dfern. <\/p>\n\n\n\n<p>F\u00fcr die Zweckeler gilt, mit einem Sieg eine Punkteausbeute von 25 zu erreichen, mit welcher der Verein von der Dorstener Stra\u00dfe sehr zuversichtlich in die R\u00fcckserie starten k\u00f6nnte.<\/p>\n\n\n\n<p>Viele Mannschaften aus der Bezirksliga basteln schon am Kader f\u00fcr die R\u00fcckrunde und auch die Zweckeler wollen sich noch hier und da verst\u00e4rken und den Kader insgesamt breiter aufstellen. Auch in dieser Saison geht den Zweckelern zum Ende der Hinserie durch Krankheit, Verletzungen und andere Verhinderungen ein bisschen die Luft aus, so dass in den letzten Wochen die Ersatzbank sehr \u00fcbersichtlich ausschaute.<\/p>\n\n\n\n<p>Die Mannschaft w\u00fcrde sich noch einmal \u00fcber einen guten Zuschauerzuspruch und eine gro\u00dfe Unterst\u00fctzung im letzten Spiel des Jahres freuen. <\/p>\n\n\n\n<p><\/p>\n","protected":false},"excerpt":{"rendered":"<p>Sonntag, 11.12.2022, 14:30 Uhr: SV Zweckel &#8211; DJK Wattenscheid Nach dem entt\u00e4uschenden Abschneiden am vergangenen Sonntag bei Genclikspor Recklinghausen wollen es die Zweckeler gegen einen weiteren direkten Konkurrenten besser machen. Dazu ist es allerdings erforderlich, dass die Schwarz-Gr\u00fcnen mal wieder das Tor treffen und aus den zahlreichen Chancen auch Kapital schlagen. Die G\u00e4ste haben am [&hellip;]<\/p>\n","protected":false},"author":3,"featured_media":15361,"comment_status":"open","ping_status":"closed","sticky":false,"template":"","format":"standard","meta":{"_jetpack_memberships_contains_paid_content":false,"footnotes":"","jetpack_publicize_message":"","jetpack_publicize_feature_enabled":true,"jetpack_social_post_already_shared":false,"jetpack_social_options":{"image_generator_settings":{"template":"highway","default_image_id":0,"font":"","enabled":false},"version":2}},"categories":[2],"tags":[],"class_list":["post-15359","post","type-post","status-publish","format-standard","has-post-thumbnail","hentry","category-1-mannschaft"],"jetpack_publicize_connections":[],"jetpack_featured_media_url":"https:\/\/i0.wp.com\/www.svzweckel.de\/wp-content\/uploads\/2022\/12\/DSC02434.jpg?fit=800%2C533&ssl=1","jetpack_sharing_enabled":true,"_links":{"self":[{"href":"https:\/\/www.svzweckel.de\/index.php?rest_route=\/wp\/v2\/posts\/15359","targetHints":{"allow":["GET"]}}],"collection":[{"href":"https:\/\/www.svzweckel.de\/index.php?rest_route=\/wp\/v2\/posts"}],"about":[{"href":"https:\/\/www.svzweckel.de\/index.php?rest_route=\/wp\/v2\/types\/post"}],"author":[{"embeddable":true,"href":"https:\/\/www.svzweckel.de\/index.php?rest_route=\/wp\/v2\/users\/3"}],"replies":[{"embeddable":true,"href":"https:\/\/www.svzweckel.de\/index.php?rest_route=%2Fwp%2Fv2%2Fcomments&post=15359"}],"version-history":[{"count":0,"href":"https:\/\/www.svzweckel.de\/index.php?rest_route=\/wp\/v2\/posts\/15359\/revisions"}],"wp:featuredmedia":[{"embeddable":true,"href":"https:\/\/www.svzweckel.de\/index.php?rest_route=\/wp\/v2\/media\/15361"}],"wp:attachment":[{"href":"https:\/\/www.svzweckel.de\/index.php?rest_route=%2Fwp%2Fv2%2Fmedia&parent=15359"}],"wp:term":[{"taxonomy":"category","embeddable":true,"href":"https:\/\/www.svzweckel.de\/index.php?rest_route=%2Fwp%2Fv2%2Fcategories&post=15359"},{"taxonomy":"post_tag","embeddable":true,"href":"https:\/\/www.svzweckel.de\/index.php?rest_route=%2Fwp%2Fv2%2Ftags&post=15359"}],"curies":[{"name":"wp","href":"https:\/\/api.w.org\/{rel}","templated":true}]}}