{"id":15402,"date":"2023-01-29T22:02:33","date_gmt":"2023-01-29T21:02:33","guid":{"rendered":"https:\/\/www.svzweckel.de\/?p=15402"},"modified":"2023-01-29T22:02:34","modified_gmt":"2023-01-29T21:02:34","slug":"erste-mannschaft-muss-im-zweiten-testspiel-eine-niederlage-hinnehmen","status":"publish","type":"post","link":"https:\/\/www.svzweckel.de\/?p=15402","title":{"rendered":"Erste Mannschaft muss im zweiten Testspiel eine Niederlage hinnehmen"},"content":{"rendered":"\n<p>FC Altenbochum &#8211; SV Zweckel 2:0 (0:0)<\/p>\n\n\n\n<p>Im zweiten Testspiel der Wintervorbereitung musste unsere erste Mannschaft gegen FC Altenbochum eine Niederlage hinnehmen. Trotz der Niederlage zeigten die Zweckeler\u00a0 gegen einen starken Gegner eine gute Leistung.<\/p>\n\n\n\n<p>In der ersten Halbzeit war das Spiel sehr ausgeglichen und fand gr\u00f6\u00dftenteils zwischen den Strafr\u00e4umen statt. Beide Mannschaften schafften es selten Torchancen zu erspielen. Lediglich in der 35. Minute tauchte der &nbsp;Zweckeler &nbsp;Neuzugang Laith Al Masri frei vor dem heimischen Keeper auf und vergab die einzige Gro\u00dfchance&nbsp; der ersten H\u00e4lfte.<\/p>\n\n\n\n<p>In Halbzeit zwei dr\u00fcckte der Tabellenf\u00fchrer der Bezirksliga Gruppe 10 aus Bochum mehr und mehr auf den F\u00fchrungstreffer. Die Zweckeler um Trainer G\u00fcnter Appelt, welcher aus Verletzungs- und Arbeitstechnischen Gr\u00fcnden auf acht Spieler verzichten musste, standen defensiv stabil und erspielten sich immer wieder gute Konterchancen. In der 53. Minute mussten die Gr\u00fcnhemden nach einer misslungenen Kl\u00e4rungsaktion den ersten Gegentreffer hinnehmen. Die Hausherren konnten in der 71. Minute auf 2:0 erh\u00f6hen.<\/p>\n\n\n\n<p>Insgesamt zeigten die Zweckeler auch unter schwierigen Umst\u00e4nden eine engagierte Leistung, auf die sich aufbauen l\u00e4sst.<\/p>\n","protected":false},"excerpt":{"rendered":"<p>FC Altenbochum &#8211; SV Zweckel 2:0 (0:0) Im zweiten Testspiel der Wintervorbereitung musste unsere erste Mannschaft gegen FC Altenbochum eine Niederlage hinnehmen. Trotz der Niederlage zeigten die Zweckeler\u00a0 gegen einen starken Gegner eine gute Leistung. In der ersten Halbzeit war das Spiel sehr ausgeglichen und fand gr\u00f6\u00dftenteils zwischen den Strafr\u00e4umen statt. Beide Mannschaften schafften es [&hellip;]<\/p>\n","protected":false},"author":3,"featured_media":15404,"comment_status":"open","ping_status":"closed","sticky":false,"template":"","format":"standard","meta":{"_jetpack_memberships_contains_paid_content":false,"footnotes":"","jetpack_publicize_message":"","jetpack_publicize_feature_enabled":true,"jetpack_social_post_already_shared":false,"jetpack_social_options":{"image_generator_settings":{"template":"highway","default_image_id":0,"font":"","enabled":false},"version":2}},"categories":[2],"tags":[],"class_list":["post-15402","post","type-post","status-publish","format-standard","has-post-thumbnail","hentry","category-1-mannschaft"],"jetpack_publicize_connections":[],"jetpack_featured_media_url":"https:\/\/i0.wp.com\/www.svzweckel.de\/wp-content\/uploads\/2023\/01\/Altenbochum.jpg?fit=800%2C600&ssl=1","jetpack_sharing_enabled":true,"_links":{"self":[{"href":"https:\/\/www.svzweckel.de\/index.php?rest_route=\/wp\/v2\/posts\/15402","targetHints":{"allow":["GET"]}}],"collection":[{"href":"https:\/\/www.svzweckel.de\/index.php?rest_route=\/wp\/v2\/posts"}],"about":[{"href":"https:\/\/www.svzweckel.de\/index.php?rest_route=\/wp\/v2\/types\/post"}],"author":[{"embeddable":true,"href":"https:\/\/www.svzweckel.de\/index.php?rest_route=\/wp\/v2\/users\/3"}],"replies":[{"embeddable":true,"href":"https:\/\/www.svzweckel.de\/index.php?rest_route=%2Fwp%2Fv2%2Fcomments&post=15402"}],"version-history":[{"count":0,"href":"https:\/\/www.svzweckel.de\/index.php?rest_route=\/wp\/v2\/posts\/15402\/revisions"}],"wp:featuredmedia":[{"embeddable":true,"href":"https:\/\/www.svzweckel.de\/index.php?rest_route=\/wp\/v2\/media\/15404"}],"wp:attachment":[{"href":"https:\/\/www.svzweckel.de\/index.php?rest_route=%2Fwp%2Fv2%2Fmedia&parent=15402"}],"wp:term":[{"taxonomy":"category","embeddable":true,"href":"https:\/\/www.svzweckel.de\/index.php?rest_route=%2Fwp%2Fv2%2Fcategories&post=15402"},{"taxonomy":"post_tag","embeddable":true,"href":"https:\/\/www.svzweckel.de\/index.php?rest_route=%2Fwp%2Fv2%2Ftags&post=15402"}],"curies":[{"name":"wp","href":"https:\/\/api.w.org\/{rel}","templated":true}]}}