{"id":15411,"date":"2023-02-01T20:11:15","date_gmt":"2023-02-01T19:11:15","guid":{"rendered":"https:\/\/www.svzweckel.de\/?p=15411"},"modified":"2023-02-01T20:11:16","modified_gmt":"2023-02-01T19:11:16","slug":"erste-mannschaft-gewinnt-den-letzten-test-vor-rueckrundenstart","status":"publish","type":"post","link":"https:\/\/www.svzweckel.de\/?p=15411","title":{"rendered":"<strong>Erste Mannschaft gewinnt den letzten Test vor R\u00fcckrundenstart<\/strong>"},"content":{"rendered":"\n<p>RW Erkenschwick &#8211; SV Zweckel 0:2 (0:0)<\/p>\n\n\n\n<p>Am Dienstagabend bestritt die erste Mannschaft ihr letztes Testspiel vor dem ersten R\u00fcckrundenspiel am Sonntag den 05.02.2023 beim FC Marl. Der Trainer G\u00fcnter Appelt musste weiterhin auf viele Spieler verzichten und hatte lediglich 13 Spieler dabei.<\/p>\n\n\n\n<p>Das Spiel begann aus Sicht der Zweckeler gut, sodass sich in den ersten 15 Minuten gleich drei Gro\u00dfchancen ergaben, welche jedoch einmal mehr nicht genutzt werden konnten.<\/p>\n\n\n\n<p>Im weiteren Verlauf der ersten Halbzeit schafften es beide Mannschaften nicht dem Spiel ihren Stempel aufzudr\u00fccken, sodass es mit 0:0 in die Halbzeit ging.<\/p>\n\n\n\n<p>In der zweiten H\u00e4lfte zeigten sich die Gr\u00fcnhemden wenig spielfreudig und schafften es nur selten gef\u00e4hrlich vor dem gegnerischen Tor aufzutauchen. Der heimische A-Ligist Rot-Wei\u00df Erkenschwick verteidigte diszipliniert und konnte immer mal wieder durch Konter oder Standarts gef\u00e4hrlich werden.<\/p>\n\n\n\n<p>In der 68. Minute allerdings, kombinierten sich die Zweckeler gekonnt auf der rechten Aussenbahn durch. Pascalis Terzis legte die Kugel platziert auf Sebastian \u201eSeppo\u201c Hagemeister ab, dieser traf zur F\u00fchrung f\u00fcr die G\u00e4ste. In der 83. Minute war es Pascalis Terzis selbst, der nach einem tollen Solo auf 2:0 erh\u00f6hte.<\/p>\n\n\n\n<p>Somit konnte der letzte Test vor der R\u00fcckrunde zwar gewonnen werden, allerdings muss die Mannschaft eine ordentliche Schippe drauflegen um gegen den Topfavorit FC Marl zu bestehen.<\/p>\n","protected":false},"excerpt":{"rendered":"<p>RW Erkenschwick &#8211; SV Zweckel 0:2 (0:0) Am Dienstagabend bestritt die erste Mannschaft ihr letztes Testspiel vor dem ersten R\u00fcckrundenspiel am Sonntag den 05.02.2023 beim FC Marl. Der Trainer G\u00fcnter Appelt musste weiterhin auf viele Spieler verzichten und hatte lediglich 13 Spieler dabei. Das Spiel begann aus Sicht der Zweckeler gut, sodass sich in den [&hellip;]<\/p>\n","protected":false},"author":3,"featured_media":15413,"comment_status":"open","ping_status":"closed","sticky":false,"template":"","format":"standard","meta":{"_jetpack_memberships_contains_paid_content":false,"footnotes":"","jetpack_publicize_message":"","jetpack_publicize_feature_enabled":true,"jetpack_social_post_already_shared":false,"jetpack_social_options":{"image_generator_settings":{"template":"highway","default_image_id":0,"font":"","enabled":false},"version":2}},"categories":[3],"tags":[],"class_list":["post-15411","post","type-post","status-publish","format-standard","has-post-thumbnail","hentry","category-allgemein"],"jetpack_publicize_connections":[],"jetpack_featured_media_url":"https:\/\/i0.wp.com\/www.svzweckel.de\/wp-content\/uploads\/2023\/02\/Erkenschwick.jpg?fit=800%2C600&ssl=1","jetpack_sharing_enabled":true,"_links":{"self":[{"href":"https:\/\/www.svzweckel.de\/index.php?rest_route=\/wp\/v2\/posts\/15411","targetHints":{"allow":["GET"]}}],"collection":[{"href":"https:\/\/www.svzweckel.de\/index.php?rest_route=\/wp\/v2\/posts"}],"about":[{"href":"https:\/\/www.svzweckel.de\/index.php?rest_route=\/wp\/v2\/types\/post"}],"author":[{"embeddable":true,"href":"https:\/\/www.svzweckel.de\/index.php?rest_route=\/wp\/v2\/users\/3"}],"replies":[{"embeddable":true,"href":"https:\/\/www.svzweckel.de\/index.php?rest_route=%2Fwp%2Fv2%2Fcomments&post=15411"}],"version-history":[{"count":0,"href":"https:\/\/www.svzweckel.de\/index.php?rest_route=\/wp\/v2\/posts\/15411\/revisions"}],"wp:featuredmedia":[{"embeddable":true,"href":"https:\/\/www.svzweckel.de\/index.php?rest_route=\/wp\/v2\/media\/15413"}],"wp:attachment":[{"href":"https:\/\/www.svzweckel.de\/index.php?rest_route=%2Fwp%2Fv2%2Fmedia&parent=15411"}],"wp:term":[{"taxonomy":"category","embeddable":true,"href":"https:\/\/www.svzweckel.de\/index.php?rest_route=%2Fwp%2Fv2%2Fcategories&post=15411"},{"taxonomy":"post_tag","embeddable":true,"href":"https:\/\/www.svzweckel.de\/index.php?rest_route=%2Fwp%2Fv2%2Ftags&post=15411"}],"curies":[{"name":"wp","href":"https:\/\/api.w.org\/{rel}","templated":true}]}}