{"id":15414,"date":"2023-02-03T19:17:59","date_gmt":"2023-02-03T18:17:59","guid":{"rendered":"https:\/\/www.svzweckel.de\/?p=15414"},"modified":"2023-02-03T19:18:12","modified_gmt":"2023-02-03T18:18:12","slug":"rueckrundenauftakt-beim-titelfavoriten","status":"publish","type":"post","link":"https:\/\/www.svzweckel.de\/?p=15414","title":{"rendered":"R\u00fcckrundenauftakt beim Titelfavoriten"},"content":{"rendered":"\n<p>Sonntag, 05.02.23, 15:00 Uhr: FC Marl &#8211; SV Zweckel<\/p>\n\n\n\n<p>Der SV Zweckel darf nach einer unbefriedigenden Vorbereitung am Sonntag wieder in das Meisterschaftsrennen eingreifen. Wie in all den vergangenen Jahren haben die Zweckeler gegen\u00fcber de Konkurrenten einen echten Wettbewerbsnachteil in der Vorbereitung auf die Saison, denn der Platz an der Zweckeler Stra\u00dfe war in den letzten Wochen nur selten bespielbar. Hin und wieder konnten die Zweckeler dank des Entgegenkommens anderer Vereine auf einem Kunstrasenplatz trainieren. Die drei Vorbereitungsspiele wurden nat\u00fcrlich auch alle auf fremden Pl\u00e4tzen ausgetragen.<\/p>\n\n\n\n<p>Doch das spielt am kommenden Sonntag alles keine Rolle, denn die Schwarz-Gr\u00fcnen m\u00fcssen zum Tabellenwzeiten FC Marl reisen, der sich gro\u00dfe Hoffnungen auf den Aufstieg macht. Die Marler haben nur vier Punkte R\u00fcckstand auf den SV Vestia Disteln und setzen m\u00f6glicherweise auch darauf, mit einem Sieg n\u00e4her an den Spitzenreiter heranzur\u00fccken, da dieser beim Tabellenvierten BV Rentfort antritt.<\/p>\n\n\n\n<p>Der SV Zweckel wird sich in Marl sicher nicht verstecken, denn nach einer guten Vorbereitung bezwangen die Zweckeler den Favoriten aus Marl im Hinspiel mit 2:1. Jan Schwers und Maurice Ogaza brachten die Zweckeler nach einem souver\u00e4nen Spiel mit 2:0 in F\u00fchrung. Die Marler konnten zwar in der 82. Minute  den Anschlusstreffer erzielen, zu mehr reichte es aber nicht mehr. <\/p>\n\n\n\n<p>Am 4. und 5. Spieltag verloren die  Marler gegen RWT Herne und beim BV Rentfort und haben seitdem alle 12 Spiele siegreich gestaltet und dem Tabellenf\u00fchrer SV Vestia Dislteln auch die bisher einzige Saisonniederlage beigebracht. <\/p>\n\n\n\n<p>Der SV Zweckel hat sich in den Vorbereitungsspielen gut geschlagen und will sich auch in Marl nicht verstecken. Es bleibt abzuwarten, wie die Schwarz-Gr\u00fcnen aus der Winterpause kommen und sich beim Favoriten an der Hagenstra\u00dfe in Marl pr\u00e4sentieren. <\/p>\n\n\n\n<p>M\u00f6glicherweise kann auch schon Neuzugang Mohammad Milad Sahebzada in das Spielgeschehen eingreifen, da er nach seiner Anmeldung sofoft spielberechtigt ist.<br><br><\/p>\n\n\n\n<p><\/p>\n","protected":false},"excerpt":{"rendered":"<p>Sonntag, 05.02.23, 15:00 Uhr: FC Marl &#8211; SV Zweckel Der SV Zweckel darf nach einer unbefriedigenden Vorbereitung am Sonntag wieder in das Meisterschaftsrennen eingreifen. Wie in all den vergangenen Jahren haben die Zweckeler gegen\u00fcber de Konkurrenten einen echten Wettbewerbsnachteil in der Vorbereitung auf die Saison, denn der Platz an der Zweckeler Stra\u00dfe war in den [&hellip;]<\/p>\n","protected":false},"author":3,"featured_media":15415,"comment_status":"open","ping_status":"closed","sticky":false,"template":"","format":"standard","meta":{"_jetpack_memberships_contains_paid_content":false,"footnotes":"","jetpack_publicize_message":"","jetpack_publicize_feature_enabled":true,"jetpack_social_post_already_shared":false,"jetpack_social_options":{"image_generator_settings":{"template":"highway","default_image_id":0,"font":"","enabled":false},"version":2}},"categories":[2],"tags":[],"class_list":["post-15414","post","type-post","status-publish","format-standard","has-post-thumbnail","hentry","category-1-mannschaft"],"jetpack_publicize_connections":[],"jetpack_featured_media_url":"https:\/\/i0.wp.com\/www.svzweckel.de\/wp-content\/uploads\/2023\/02\/DSC02438.jpg?fit=800%2C533&ssl=1","jetpack_sharing_enabled":true,"_links":{"self":[{"href":"https:\/\/www.svzweckel.de\/index.php?rest_route=\/wp\/v2\/posts\/15414","targetHints":{"allow":["GET"]}}],"collection":[{"href":"https:\/\/www.svzweckel.de\/index.php?rest_route=\/wp\/v2\/posts"}],"about":[{"href":"https:\/\/www.svzweckel.de\/index.php?rest_route=\/wp\/v2\/types\/post"}],"author":[{"embeddable":true,"href":"https:\/\/www.svzweckel.de\/index.php?rest_route=\/wp\/v2\/users\/3"}],"replies":[{"embeddable":true,"href":"https:\/\/www.svzweckel.de\/index.php?rest_route=%2Fwp%2Fv2%2Fcomments&post=15414"}],"version-history":[{"count":0,"href":"https:\/\/www.svzweckel.de\/index.php?rest_route=\/wp\/v2\/posts\/15414\/revisions"}],"wp:featuredmedia":[{"embeddable":true,"href":"https:\/\/www.svzweckel.de\/index.php?rest_route=\/wp\/v2\/media\/15415"}],"wp:attachment":[{"href":"https:\/\/www.svzweckel.de\/index.php?rest_route=%2Fwp%2Fv2%2Fmedia&parent=15414"}],"wp:term":[{"taxonomy":"category","embeddable":true,"href":"https:\/\/www.svzweckel.de\/index.php?rest_route=%2Fwp%2Fv2%2Fcategories&post=15414"},{"taxonomy":"post_tag","embeddable":true,"href":"https:\/\/www.svzweckel.de\/index.php?rest_route=%2Fwp%2Fv2%2Ftags&post=15414"}],"curies":[{"name":"wp","href":"https:\/\/api.w.org\/{rel}","templated":true}]}}