{"id":1542,"date":"2014-11-21T08:56:38","date_gmt":"2014-11-21T08:56:38","guid":{"rendered":"http:\/\/www.svzweckel.de\/?p=1542"},"modified":"2014-11-21T11:22:21","modified_gmt":"2014-11-21T11:22:21","slug":"oliver-martin-ist-neuer-2-vorsitzender-des-sv-zweckel-2","status":"publish","type":"post","link":"https:\/\/www.svzweckel.de\/?p=1542","title":{"rendered":"Oliver Martin ist neuer 2. Vorsitzender des SV Zweckel"},"content":{"rendered":"<p>Nach dem Tod von Willi Gressog war seit Juli die Position des stellvertretenden Vorsitzenden des SV Zweckel vakant.<br \/>\nMit Oliver Martin hat der SV Zweckel einen Nachfolger gefunden, der bis zur n\u00e4chsten Vorstandswahl dieses Amt kommissarisch \u00fcbernehmen wird. Oliver Martin wurde zuletzt im September mit einem internationalen Preis der Deutschen Bahn f\u00fcr das Projekt &#8222;Fu\u00dfball kann mehr&#8220; ausgezeichnet. Aus der Idee Martins hat sich mit der tatkr\u00e4ftigen Unterst\u00fctzung engagierter Eltern ein Konzept entwickelt, das mittlerweile bundesweit Aufmerksamkeit genie\u00dft. Die Zielsetzung des Projektes ist es, Kinder und Jugendliche, vor allem aus sozial schw\u00e4cher gestellten Familien, \u00fcber den Sport an gesellschaftliche Werte heranzuf\u00fchren. Das Projekt gliedert sich in 6 Themenbereiche: Kunst\/Kultur, erweiterte Sportangebote, schulische Begleitung, Naturkunde, Lebensf\u00fchrung und soziale Aktivit\u00e4ten. Neben dem Deutschen Fu\u00dfball-Bund gibt es inzwischen auch diverse Vereine, die sich f\u00fcr &#8222;Fu\u00dfball kann mehr&#8220; interessieren.<\/p>\n<p>Au\u00dferdem ist Oliver Martin seit 6 Jahren Trainer der aktuellen D1-Junioren. Der Inhaber der DFB-Lizenz C-Trainer LF (UEFA-B-Level) ist auch ausgebildeter Life Kinetik-Trainer, einer Trainingsform zum Erhalt und zur Steigerung der geistigen und k\u00f6rperlichen Fitness und der Handlungsschnelligkeit.<\/p>\n<p>Die Jugend liegt ihm auch weiterhin am Herzen und deshalb wird Oliver Martin sich im Hauptvorstand neben anderen Aufgaben insbesondere um die Schnittstelle Junioren-\/Seniorenabteilung k\u00fcmmern.<\/p>\n","protected":false},"excerpt":{"rendered":"<p>Nach dem Tod von Willi Gressog war seit Juli die Position des stellvertretenden Vorsitzenden des SV Zweckel vakant. Mit Oliver Martin hat der SV Zweckel einen Nachfolger gefunden, der bis zur n\u00e4chsten Vorstandswahl dieses Amt kommissarisch \u00fcbernehmen wird. Oliver Martin wurde zuletzt im September mit einem internationalen Preis der Deutschen Bahn f\u00fcr das Projekt &#8222;Fu\u00dfball [&hellip;]<\/p>\n","protected":false},"author":3,"featured_media":0,"comment_status":"open","ping_status":"open","sticky":false,"template":"","format":"standard","meta":{"_jetpack_memberships_contains_paid_content":false,"footnotes":"","jetpack_publicize_message":"","jetpack_publicize_feature_enabled":true,"jetpack_social_post_already_shared":false,"jetpack_social_options":{"image_generator_settings":{"template":"highway","default_image_id":0,"font":"","enabled":false},"version":2}},"categories":[1],"tags":[],"class_list":["post-1542","post","type-post","status-publish","format-standard","hentry","category-uncategorized"],"jetpack_publicize_connections":[],"jetpack_featured_media_url":"","jetpack_sharing_enabled":true,"_links":{"self":[{"href":"https:\/\/www.svzweckel.de\/index.php?rest_route=\/wp\/v2\/posts\/1542","targetHints":{"allow":["GET"]}}],"collection":[{"href":"https:\/\/www.svzweckel.de\/index.php?rest_route=\/wp\/v2\/posts"}],"about":[{"href":"https:\/\/www.svzweckel.de\/index.php?rest_route=\/wp\/v2\/types\/post"}],"author":[{"embeddable":true,"href":"https:\/\/www.svzweckel.de\/index.php?rest_route=\/wp\/v2\/users\/3"}],"replies":[{"embeddable":true,"href":"https:\/\/www.svzweckel.de\/index.php?rest_route=%2Fwp%2Fv2%2Fcomments&post=1542"}],"version-history":[{"count":0,"href":"https:\/\/www.svzweckel.de\/index.php?rest_route=\/wp\/v2\/posts\/1542\/revisions"}],"wp:attachment":[{"href":"https:\/\/www.svzweckel.de\/index.php?rest_route=%2Fwp%2Fv2%2Fmedia&parent=1542"}],"wp:term":[{"taxonomy":"category","embeddable":true,"href":"https:\/\/www.svzweckel.de\/index.php?rest_route=%2Fwp%2Fv2%2Fcategories&post=1542"},{"taxonomy":"post_tag","embeddable":true,"href":"https:\/\/www.svzweckel.de\/index.php?rest_route=%2Fwp%2Fv2%2Ftags&post=1542"}],"curies":[{"name":"wp","href":"https:\/\/api.w.org\/{rel}","templated":true}]}}