{"id":15424,"date":"2023-02-10T18:41:59","date_gmt":"2023-02-10T17:41:59","guid":{"rendered":"https:\/\/www.svzweckel.de\/?p=15424"},"modified":"2023-02-10T18:42:00","modified_gmt":"2023-02-10T17:42:00","slug":"erstes-heimspiel-in-2023","status":"publish","type":"post","link":"https:\/\/www.svzweckel.de\/?p=15424","title":{"rendered":"Erstes Heimspiel in 2023"},"content":{"rendered":"\n<p>Sonntag, 12.02.23, 15:00 Uhr: SV Zweckel &#8211; Viktoria Resse<\/p>\n\n\n\n<p>Am kommenden Sonntag steht das erste Heimspiel der Bezirksligar\u00fcckrunde an. Der Gast, Viktoria Resse, hat den R\u00fcckrundenauftakt am letzten Sonntag mit 5:2 gewonnen. Der SV Zweckel hat das erste Spiel im Jahr 2023 nach gro\u00dfem Kampf beim FC Marl leider mit 2:0 verloren.<\/p>\n\n\n\n<p>Mit 32 Punkten belegen die Resser den 6. Tabellenplatz und haben damit 10 Punkte mehr auf der Habenseite als die Gastgeber. Bei der Tordifferenz liegen beide Mannschaften allerdings gleichauf, denn sie weisen mit &#8211; 6 Toren den gleichen Unterschied auf. Resse hat zwar 8 Tore mehr geschossen als die Zweckeler, allerdings haben die Schwarz-Gr\u00fcnen 8 Tore weniger kassiert.<\/p>\n\n\n\n<p>Die Zweckeler wollen sich mit einem Sieg weiter von der Abstiegszone absetzen, denn diese ist nur noch vier Punkte entfernt. Sollte die Mannschaft des Trainergespanns G\u00fcnter Appelt und Timon Reschke wieder \u00e4hnlich motiviert und engagiert wie am vergangenen Sonntag sein, ist die Wahrscheinlichkeit hoch, dass die Punkte an der Dorstener Stra\u00dfe bleiben. <\/p>\n\n\n\n<p>In Marl fehlten noch einige Spieler, die jetzt m\u00f6glichweise wieder zum Kader sto\u00dfen werden und damit  den Druck auf die Konkurrenz erh\u00f6hen. Der Kader ist ohnehin etwas breiter als in der Hinserie und insbesondere im Vergleich zur letzten Saison besser aufgestellt. <\/p>\n\n\n\n<p>Am Sonntag hei\u00dft es dann f\u00fcr alle Zweckeler wieder, dass sie f\u00fcr den Sieg alles geben werden und mit ihrem Einsatz auch die treuen Zweckeler Fans auf ihre Seite ziehen wollen. <\/p>\n\n\n\n<p><\/p>\n\n\n\n<p><\/p>\n","protected":false},"excerpt":{"rendered":"<p>Sonntag, 12.02.23, 15:00 Uhr: SV Zweckel &#8211; Viktoria Resse Am kommenden Sonntag steht das erste Heimspiel der Bezirksligar\u00fcckrunde an. Der Gast, Viktoria Resse, hat den R\u00fcckrundenauftakt am letzten Sonntag mit 5:2 gewonnen. Der SV Zweckel hat das erste Spiel im Jahr 2023 nach gro\u00dfem Kampf beim FC Marl leider mit 2:0 verloren. Mit 32 Punkten [&hellip;]<\/p>\n","protected":false},"author":3,"featured_media":15425,"comment_status":"open","ping_status":"closed","sticky":false,"template":"","format":"standard","meta":{"_jetpack_memberships_contains_paid_content":false,"footnotes":"","jetpack_publicize_message":"","jetpack_publicize_feature_enabled":true,"jetpack_social_post_already_shared":false,"jetpack_social_options":{"image_generator_settings":{"template":"highway","default_image_id":0,"font":"","enabled":false},"version":2}},"categories":[2],"tags":[],"class_list":["post-15424","post","type-post","status-publish","format-standard","has-post-thumbnail","hentry","category-1-mannschaft"],"jetpack_publicize_connections":[],"jetpack_featured_media_url":"https:\/\/i0.wp.com\/www.svzweckel.de\/wp-content\/uploads\/2023\/02\/DSC01514.jpg?fit=800%2C533&ssl=1","jetpack_sharing_enabled":true,"_links":{"self":[{"href":"https:\/\/www.svzweckel.de\/index.php?rest_route=\/wp\/v2\/posts\/15424","targetHints":{"allow":["GET"]}}],"collection":[{"href":"https:\/\/www.svzweckel.de\/index.php?rest_route=\/wp\/v2\/posts"}],"about":[{"href":"https:\/\/www.svzweckel.de\/index.php?rest_route=\/wp\/v2\/types\/post"}],"author":[{"embeddable":true,"href":"https:\/\/www.svzweckel.de\/index.php?rest_route=\/wp\/v2\/users\/3"}],"replies":[{"embeddable":true,"href":"https:\/\/www.svzweckel.de\/index.php?rest_route=%2Fwp%2Fv2%2Fcomments&post=15424"}],"version-history":[{"count":0,"href":"https:\/\/www.svzweckel.de\/index.php?rest_route=\/wp\/v2\/posts\/15424\/revisions"}],"wp:featuredmedia":[{"embeddable":true,"href":"https:\/\/www.svzweckel.de\/index.php?rest_route=\/wp\/v2\/media\/15425"}],"wp:attachment":[{"href":"https:\/\/www.svzweckel.de\/index.php?rest_route=%2Fwp%2Fv2%2Fmedia&parent=15424"}],"wp:term":[{"taxonomy":"category","embeddable":true,"href":"https:\/\/www.svzweckel.de\/index.php?rest_route=%2Fwp%2Fv2%2Fcategories&post=15424"},{"taxonomy":"post_tag","embeddable":true,"href":"https:\/\/www.svzweckel.de\/index.php?rest_route=%2Fwp%2Fv2%2Ftags&post=15424"}],"curies":[{"name":"wp","href":"https:\/\/api.w.org\/{rel}","templated":true}]}}