{"id":15434,"date":"2023-02-21T07:27:58","date_gmt":"2023-02-21T06:27:58","guid":{"rendered":"https:\/\/www.svzweckel.de\/?p=15434"},"modified":"2023-02-21T07:28:00","modified_gmt":"2023-02-21T06:28:00","slug":"derby-beim-bv-rentfort","status":"publish","type":"post","link":"https:\/\/www.svzweckel.de\/?p=15434","title":{"rendered":"Derby beim BV Rentfort"},"content":{"rendered":"\n<p>Freitag, 24.02.23, 19:30 Uhr: BV Rentfort &#8211; SV Zweckel<\/p>\n\n\n\n<p>Am Freitagabend hat der SV Zweckel nur eine kurze Anreise zum Derby an der Hegestra\u00dfe. Beim Tabellenvierten sind die Schwarz-Gr\u00fcnen sicher alles andere als Favorit. Trotzdem rechnen sich die Zweckeler nat\u00fcrlich etwas aus, da sie in den letzten Spielen gegen den BV Rentfort immer gute Ergebnisse erzielt haben.<\/p>\n\n\n\n<p>Der Gastgeber hat vor zwei Wochen gegen Disteln ein \u00fcberragendes Spiel gezeigt und dem Tabellenf\u00fchrer aus Herten die zweite Niederlage der Saison zugef\u00fcgt. Doch eine Woche sp\u00e4ter war schon wieder Tristesse beim BV Rentfort eingezogen, denn beim Abstiegskandidaten Genclikspor Recklinghausen kassierte das Team eine 2:0-Niederlage.<\/p>\n\n\n\n<p>Der SV Zweckel startete mit einem starken Auftritt beim FC Marl, verlor das Matsch jedoch in den letzten 20 Minuten mit 2:0. Danach sahen die Schwarz-Gr\u00fcnen bis kurz vor Schluss gegen Viktoria Resse wie der Sieger aus, mussten jedoch in der Nachspielzeit noch das 1:1-Unentschieden hinnehmen.<\/p>\n\n\n\n<p>Am 26.08.22 gewannen die Zweckeler das letzte Match (siehe Beitragsbild) gegen die Rentforter in der Nachspielzeit durch ein Tor von Saher Ayhan mit 2:1 und starteten damit eine gute Serie in der Hinrunde.<\/p>\n\n\n\n<p>Das letzte Derby in BV Rentfort ist gerade einmal 10 Monate her und der SV Zweckel gewann diese wichtige Partie ebenfalls mit 1:2. Dadurch r\u00fcckten die G\u00e4ste wieder an die Nichtabstiegspl\u00e4tze heran und konnten am Ende der Saison den Abstieg bekannterma\u00dfen verhindern. <\/p>\n\n\n\n<p>Am Freitag werden die Zweckeler auf dem Kunstrasenplatz an der Hegestra\u00dfe wieder alles in die Waagschale werfen, um etwas Z\u00e4hlbares an die Dorstener Stra\u00dfe mitzubringen und sich damit weiter von der Abstiegszone entfernen zu k\u00f6nnen. <\/p>\n","protected":false},"excerpt":{"rendered":"<p>Freitag, 24.02.23, 19:30 Uhr: BV Rentfort &#8211; SV Zweckel Am Freitagabend hat der SV Zweckel nur eine kurze Anreise zum Derby an der Hegestra\u00dfe. Beim Tabellenvierten sind die Schwarz-Gr\u00fcnen sicher alles andere als Favorit. Trotzdem rechnen sich die Zweckeler nat\u00fcrlich etwas aus, da sie in den letzten Spielen gegen den BV Rentfort immer gute Ergebnisse [&hellip;]<\/p>\n","protected":false},"author":3,"featured_media":15437,"comment_status":"open","ping_status":"closed","sticky":false,"template":"","format":"standard","meta":{"_jetpack_memberships_contains_paid_content":false,"footnotes":"","jetpack_publicize_message":"","jetpack_publicize_feature_enabled":true,"jetpack_social_post_already_shared":false,"jetpack_social_options":{"image_generator_settings":{"template":"highway","default_image_id":0,"font":"","enabled":false},"version":2}},"categories":[2],"tags":[],"class_list":["post-15434","post","type-post","status-publish","format-standard","has-post-thumbnail","hentry","category-1-mannschaft"],"jetpack_publicize_connections":[],"jetpack_featured_media_url":"https:\/\/i0.wp.com\/www.svzweckel.de\/wp-content\/uploads\/2023\/02\/DSC00058-7.jpg?fit=800%2C533&ssl=1","jetpack_sharing_enabled":true,"_links":{"self":[{"href":"https:\/\/www.svzweckel.de\/index.php?rest_route=\/wp\/v2\/posts\/15434","targetHints":{"allow":["GET"]}}],"collection":[{"href":"https:\/\/www.svzweckel.de\/index.php?rest_route=\/wp\/v2\/posts"}],"about":[{"href":"https:\/\/www.svzweckel.de\/index.php?rest_route=\/wp\/v2\/types\/post"}],"author":[{"embeddable":true,"href":"https:\/\/www.svzweckel.de\/index.php?rest_route=\/wp\/v2\/users\/3"}],"replies":[{"embeddable":true,"href":"https:\/\/www.svzweckel.de\/index.php?rest_route=%2Fwp%2Fv2%2Fcomments&post=15434"}],"version-history":[{"count":0,"href":"https:\/\/www.svzweckel.de\/index.php?rest_route=\/wp\/v2\/posts\/15434\/revisions"}],"wp:featuredmedia":[{"embeddable":true,"href":"https:\/\/www.svzweckel.de\/index.php?rest_route=\/wp\/v2\/media\/15437"}],"wp:attachment":[{"href":"https:\/\/www.svzweckel.de\/index.php?rest_route=%2Fwp%2Fv2%2Fmedia&parent=15434"}],"wp:term":[{"taxonomy":"category","embeddable":true,"href":"https:\/\/www.svzweckel.de\/index.php?rest_route=%2Fwp%2Fv2%2Fcategories&post=15434"},{"taxonomy":"post_tag","embeddable":true,"href":"https:\/\/www.svzweckel.de\/index.php?rest_route=%2Fwp%2Fv2%2Ftags&post=15434"}],"curies":[{"name":"wp","href":"https:\/\/api.w.org\/{rel}","templated":true}]}}