{"id":15440,"date":"2023-02-23T16:03:09","date_gmt":"2023-02-23T15:03:09","guid":{"rendered":"https:\/\/www.svzweckel.de\/?p=15440"},"modified":"2023-02-23T16:04:18","modified_gmt":"2023-02-23T15:04:18","slug":"heimspiel-der-reserve","status":"publish","type":"post","link":"https:\/\/www.svzweckel.de\/?p=15440","title":{"rendered":"Heimspiel der Reserve"},"content":{"rendered":"\n<p>Sonntag 26.02.2023, SV Zweckel II &#8211; SC Schaffrath 1959, 15:00Uhr<\/p>\n\n\n\n<p>Am kommenden Sonntag trifft die Reserve des SV Zweckel auf die Mannschaft aus Schaffrath. Die G\u00e4ste stehen mit 19 Punkten momentan auf Platz 11. Im Hinspiel konnten die Gr\u00fcnhemden in Schaffrath durch ein 1:1 den ersten Punkt der Saison holen, wodurch man auch jetzt vielleicht noch positiver an die Aufgabe herangeht.<\/p>\n\n\n\n<p>Nach dem engagierten und k\u00e4mpferischen R\u00fcckrundenauftakt vor drei Wochen gegen eine gute Mannschaft aus Horst, der leider nicht belohnt wurde, erhofft sich die Mannschaft den Heimvorteil dieses mal zu nutzen. <\/p>\n\n\n\n<p>Da es dieses Wochenende keine \u00dcberschneidung mit der 1. Mannschaft gibt freut sich die Reserve \u00fcber zahlreiche Unterst\u00fctzung beim Kampf um den Klassenerhalt. <\/p>\n","protected":false},"excerpt":{"rendered":"<p>Sonntag 26.02.2023, SV Zweckel II &#8211; SC Schaffrath 1959, 15:00Uhr Am kommenden Sonntag trifft die Reserve des SV Zweckel auf die Mannschaft aus Schaffrath. Die G\u00e4ste stehen mit 19 Punkten momentan auf Platz 11. Im Hinspiel konnten die Gr\u00fcnhemden in Schaffrath durch ein 1:1 den ersten Punkt der Saison holen, wodurch man auch jetzt vielleicht [&hellip;]<\/p>\n","protected":false},"author":3,"featured_media":15441,"comment_status":"open","ping_status":"closed","sticky":false,"template":"","format":"standard","meta":{"_jetpack_memberships_contains_paid_content":false,"footnotes":"","jetpack_publicize_message":"","jetpack_publicize_feature_enabled":true,"jetpack_social_post_already_shared":false,"jetpack_social_options":{"image_generator_settings":{"template":"highway","default_image_id":0,"font":"","enabled":false},"version":2}},"categories":[20,3],"tags":[],"class_list":["post-15440","post","type-post","status-publish","format-standard","has-post-thumbnail","hentry","category-2-mannschaft","category-allgemein"],"jetpack_publicize_connections":[],"jetpack_featured_media_url":"https:\/\/i0.wp.com\/www.svzweckel.de\/wp-content\/uploads\/2023\/02\/IMG-20221024-WA0002.jpg?fit=800%2C600&ssl=1","jetpack_sharing_enabled":true,"_links":{"self":[{"href":"https:\/\/www.svzweckel.de\/index.php?rest_route=\/wp\/v2\/posts\/15440","targetHints":{"allow":["GET"]}}],"collection":[{"href":"https:\/\/www.svzweckel.de\/index.php?rest_route=\/wp\/v2\/posts"}],"about":[{"href":"https:\/\/www.svzweckel.de\/index.php?rest_route=\/wp\/v2\/types\/post"}],"author":[{"embeddable":true,"href":"https:\/\/www.svzweckel.de\/index.php?rest_route=\/wp\/v2\/users\/3"}],"replies":[{"embeddable":true,"href":"https:\/\/www.svzweckel.de\/index.php?rest_route=%2Fwp%2Fv2%2Fcomments&post=15440"}],"version-history":[{"count":0,"href":"https:\/\/www.svzweckel.de\/index.php?rest_route=\/wp\/v2\/posts\/15440\/revisions"}],"wp:featuredmedia":[{"embeddable":true,"href":"https:\/\/www.svzweckel.de\/index.php?rest_route=\/wp\/v2\/media\/15441"}],"wp:attachment":[{"href":"https:\/\/www.svzweckel.de\/index.php?rest_route=%2Fwp%2Fv2%2Fmedia&parent=15440"}],"wp:term":[{"taxonomy":"category","embeddable":true,"href":"https:\/\/www.svzweckel.de\/index.php?rest_route=%2Fwp%2Fv2%2Fcategories&post=15440"},{"taxonomy":"post_tag","embeddable":true,"href":"https:\/\/www.svzweckel.de\/index.php?rest_route=%2Fwp%2Fv2%2Ftags&post=15440"}],"curies":[{"name":"wp","href":"https:\/\/api.w.org\/{rel}","templated":true}]}}