{"id":15444,"date":"2023-02-26T14:32:53","date_gmt":"2023-02-26T13:32:53","guid":{"rendered":"https:\/\/www.svzweckel.de\/?p=15444"},"modified":"2023-02-26T14:32:55","modified_gmt":"2023-02-26T13:32:55","slug":"ueberragende-erste-halbzeit-reicht-nicht-zum-sieg","status":"publish","type":"post","link":"https:\/\/www.svzweckel.de\/?p=15444","title":{"rendered":"\u00dcberragende erste Halbzeit reicht nicht zum Sieg"},"content":{"rendered":"\n<p>BV  Rentfort &#8211; SV Zweckel 2:2 (0:2)<\/p>\n\n\n\n<p>Vor dem Spiel w\u00e4ren viele Zweckeler Anh\u00e4nger sicher mit einem Unentschieden im Derby zufrieden gewesen. Nach der Partie k\u00f6nnen die Zweckeler durchaus zu einer anderen Meinung kommen.<\/p>\n\n\n\n<p>Die G\u00e4ste waren auf dem f\u00fcr sie ungewohnten Gel\u00e4uf an der Hegestra\u00dfe in der ersten Halbzeit die dominante Mannschaft. Durch viel Laufarbeit, Offensivpressing und eine stabiel Defensive waren die Zweckeler die spielbestimmende Mannschaft. Die Hausherren fanden in dieser Zeit kaum statt und entwickelten auch keine Ideen, die Zweckeler irgendwie in Verlegenheit zu bringen. Die vielbeschworene Heimst\u00e4rke der Rentforter war schlichtweg nicht gegeben. Die \u00dcberlegenheit der G\u00e4ste zeigte schon in der 5. Minute. Der starke Sebastian Waldner erk\u00e4mpfte sich den Ball, lief auf das Rentforter Geh\u00e4use zu und zog unhaltbar zum 0:1 ab.<\/p>\n\n\n\n<p>Die Gastgeber waren durch den R\u00fcckstand noch verunsicherter und kamen mit dem druckvollen Pressing der Zweckeler \u00fcberhaupt nicht klar. Deshalb gewannen die Schwarz-Gr\u00fcnen immer wieder B\u00e4lle im Mittelfeld und startete ihrerseits vielversprechende Angriffe gegen den Gastgeber. Die Gastgeber hatten in der 19. Minute gro\u00dfes Gl\u00fcck, dass der Schiedsrichter die Rentforter nicht per roter Karte dezimierte, denn mit einem brutalen Foul wurde Sebastian Waldern daran gehindert, wieder auf das Tor zuzulaufen. Durch eine weitere Pressingsituation konnten die Rentforter in der Defensive wieder nicht richtig kl\u00e4ren und erneut war Sebastian Waldner zur Stelle. Er lief in einen Querpass und schloss sofort zum hochverdienten 0:2 ab. In der Folge war bei den Gastgebern kein Aufb\u00e4umen zu erkennen, ganz im Gegenteil, die G\u00e4ste waren wiederum am Dr\u00fccker und waren drauf und dran mit dem 0:3 den Deckel draufzumachen. <\/p>\n\n\n\n<p>Leider wurden mehrere vielversprechende Angriffe der G\u00e4ste zu \u00fcberhastet abgeschlossen und das leider auch in Situationen, in denen die Zweckeler mit 3 oder 4 gegen 2 in der \u00dcberzahl agierten. So konnten sich die Rentforter mit einem noch knappen Ergebnis in die Pause retten.<\/p>\n\n\n\n<p>Nach dem Wechsel dr\u00fcckten die Gastgeber aufs Tempo und w\u00e4ren fast durch einen zweifelhafte Entscheidung des Schiedsrichters Yannis Jira belohnt worden. Er entschied nach einem Zweikampf zwischen Muhammed Filizay und dem Zweckeler Keeper Leon Hawlitzky an der Sechzehnergrenze \u00fcberraschend auf Elfmeter. Hawlitzky, der den Ball mit den F\u00e4usten abgewehrt hatte, soll Filizay gefoult haben. Doch die Gerechtigkeit siegte, denn der angeblich Gefoulte setzte den Strafsto\u00df an den Pfosten. In der Folge hatten die Rentforte zwar eine Feld\u00fcberlegenheit, fanden jedoch spielerisch keine Mittel gegen die Zweckeler. Deshalb verlegten sie sich immer h\u00e4ufiger auf lange B\u00e4lle, mit denen sie die Zweckeler unter Druck setzen wollten. <\/p>\n\n\n\n<p>Die Konter der Zweckeler waren trotzdem noch gef\u00e4hrlich und mit einem Kopfball traf Marlon Boris nur die Unterkante der Latte und der Ball sprang leider nicht zum vorentscheidenden 0:3 ins Tor. <\/p>\n\n\n\n<p>In der 70. Minute kamen die Rentforter v\u00f6llig \u00fcberraschend zum Anschlusstreffer, als Jan Braun nach einem Eckball per Kopf zur Stelle war. Eine fast identische Situation nach einem Standard bescherte den Gastgebern in der 76. Minute das 2:2. Nach einem Freisto\u00df war Gero von Kiedrowski per Kopf erfolgreich. Danch wurde es noch einmal hektisch, zumal der Schiedsrichter in der zweiten Halbzeit unerkl\u00e4rlicherweise sein Linie verlie\u00df. Ein Rentforter erhielt nach einem Foulspiel die rote Karte und in der Folge dr\u00e4ngten die G\u00e4ste noch einmal auf den Sieg, der jedoch nicht mehr gelang.<\/p>\n\n\n\n<p>Schade, dass Zweckeler wieder einmal den Sack nicht zumachten und dem Gastgeber durch dumme Stellungsfehler noch den Ausgleich offerierten.<\/p>\n\n\n\n<p>F\u00fcr die kommenden Aufgaben sind die Schwarz-Gr\u00fcnen jedoch gut ger\u00fcstet, denn mit diesem Pressing werden noch andere Gegener ihre Schwierigkeiten haben.   <\/p>\n","protected":false},"excerpt":{"rendered":"<p>BV Rentfort &#8211; SV Zweckel 2:2 (0:2) Vor dem Spiel w\u00e4ren viele Zweckeler Anh\u00e4nger sicher mit einem Unentschieden im Derby zufrieden gewesen. Nach der Partie k\u00f6nnen die Zweckeler durchaus zu einer anderen Meinung kommen. Die G\u00e4ste waren auf dem f\u00fcr sie ungewohnten Gel\u00e4uf an der Hegestra\u00dfe in der ersten Halbzeit die dominante Mannschaft. Durch viel [&hellip;]<\/p>\n","protected":false},"author":3,"featured_media":15443,"comment_status":"open","ping_status":"closed","sticky":false,"template":"","format":"standard","meta":{"_jetpack_memberships_contains_paid_content":false,"footnotes":"","jetpack_publicize_message":"","jetpack_publicize_feature_enabled":true,"jetpack_social_post_already_shared":false,"jetpack_social_options":{"image_generator_settings":{"template":"highway","default_image_id":0,"font":"","enabled":false},"version":2}},"categories":[2],"tags":[],"class_list":["post-15444","post","type-post","status-publish","format-standard","has-post-thumbnail","hentry","category-1-mannschaft"],"jetpack_publicize_connections":[],"jetpack_featured_media_url":"https:\/\/i0.wp.com\/www.svzweckel.de\/wp-content\/uploads\/2023\/02\/wp-16774136329105087865318563314082-scaled.jpg?fit=2560%2C1440&ssl=1","jetpack_sharing_enabled":true,"_links":{"self":[{"href":"https:\/\/www.svzweckel.de\/index.php?rest_route=\/wp\/v2\/posts\/15444","targetHints":{"allow":["GET"]}}],"collection":[{"href":"https:\/\/www.svzweckel.de\/index.php?rest_route=\/wp\/v2\/posts"}],"about":[{"href":"https:\/\/www.svzweckel.de\/index.php?rest_route=\/wp\/v2\/types\/post"}],"author":[{"embeddable":true,"href":"https:\/\/www.svzweckel.de\/index.php?rest_route=\/wp\/v2\/users\/3"}],"replies":[{"embeddable":true,"href":"https:\/\/www.svzweckel.de\/index.php?rest_route=%2Fwp%2Fv2%2Fcomments&post=15444"}],"version-history":[{"count":0,"href":"https:\/\/www.svzweckel.de\/index.php?rest_route=\/wp\/v2\/posts\/15444\/revisions"}],"wp:featuredmedia":[{"embeddable":true,"href":"https:\/\/www.svzweckel.de\/index.php?rest_route=\/wp\/v2\/media\/15443"}],"wp:attachment":[{"href":"https:\/\/www.svzweckel.de\/index.php?rest_route=%2Fwp%2Fv2%2Fmedia&parent=15444"}],"wp:term":[{"taxonomy":"category","embeddable":true,"href":"https:\/\/www.svzweckel.de\/index.php?rest_route=%2Fwp%2Fv2%2Fcategories&post=15444"},{"taxonomy":"post_tag","embeddable":true,"href":"https:\/\/www.svzweckel.de\/index.php?rest_route=%2Fwp%2Fv2%2Ftags&post=15444"}],"curies":[{"name":"wp","href":"https:\/\/api.w.org\/{rel}","templated":true}]}}