{"id":15457,"date":"2023-03-26T20:26:59","date_gmt":"2023-03-26T18:26:59","guid":{"rendered":"https:\/\/www.svzweckel.de\/?p=15457"},"modified":"2023-04-01T16:59:21","modified_gmt":"2023-04-01T14:59:21","slug":"jahreshauptversammlung-am-31-03-23","status":"publish","type":"post","link":"https:\/\/www.svzweckel.de\/?p=15457","title":{"rendered":"Jahreshauptversammlung am 31.03.23"},"content":{"rendered":"\n<p>Die diesj\u00e4hrige Jahrshauptversammlung, zu der alle Mitglieder eingeladen sind, findet am Freitag, dem 31.03.2023 um 19:23 Uhr im Zweckeler Vereinsheim statt.<\/p>\n\n\n\n<p>Tagesordnung:<\/p>\n\n\n\n<p>1. Feststellung der Beschlussf\u00e4higkeit der Versammlung<\/p>\n\n\n\n<p>2. Allgemeiner Jahresbericht des Vorstandes und Bericht \u00fcber das laufende Gesch\u00e4ftsjahr<\/p>\n\n\n\n<p>3. Jahresbericht Alte Herren<\/p>\n\n\n\n<p>4. Jahresbericht Jugendabteilung<\/p>\n\n\n\n<p>5. Jahresbericht Dartsabteilung<\/p>\n\n\n\n<p>6. Kassenbericht<\/p>\n\n\n\n<p>7. Bericht der Kassenpr\u00fcfer<\/p>\n\n\n\n<p>8. Entlastung des Vorstandes<\/p>\n\n\n\n<p>9. Ehrungen<\/p>\n\n\n\n<p>10. Verschiedenes<\/p>\n\n\n\n<p>11. Antrag auf Satzungs\u00e4nderung betreffs des \u00a7 16 der Satzung (Aufl\u00f6sung des Vereins)<\/p>\n\n\n\n<p>Erl\u00e4uterung zum Tagesordnungspunkt 11: <\/p>\n\n\n\n<p>Um die Gemeinn\u00fctzigekeit dauerhaft zu behalten hat das Finanzamt den Verein aufgefordert, den \u00a7 16 der Satzung zu \u00e4ndern bzw. zu erg\u00e4nzen: <br><strong>&#8222;Bei Aufl\u00f6sung oder Aufhebung des Vereins oder bei Wegfall steuerbeg\u00fcnstigter Zwecke f\u00e4llt das Verm\u00f6gen des Vereins an die Stadt Gladbeck, die es&nbsp;ausschlie\u00dflich zur F\u00f6rderung des Sports&nbsp;<em>(Fu\u00dfballs)<\/em>&nbsp;im Stadtbezirk Gladbeck, zu verwenden hat<\/strong>.&#8220;<\/p>\n\n\n\n<p>Gem\u00e4\u00df Ziffer 10.6 der Satzung m\u00fcssen Antr\u00e4ge von Mitgliedern zur Tagesordnung mindestens 5 Tage vor der Versammlung schriftlich bei dem Vorsitzenden eingegangen sein. Diese Antr\u00e4ge sind in die Tagesordnung aufzunehmen.<\/p>\n\n\n\n<p>An der Jahreshauptversammlung k\u00f6nnen ausschlie\u00dflich Vereinsmitglieder teilnehmen. Alle anderen G\u00e4ste werden gebeten, das Vereinsheim bis 19:00 Uhr zu verlassen.<\/p>\n\n\n\n<p>Der Vorstand<\/p>\n","protected":false},"excerpt":{"rendered":"<p>Die diesj\u00e4hrige Jahrshauptversammlung, zu der alle Mitglieder eingeladen sind, findet am Freitag, dem 31.03.2023 um 19:23 Uhr im Zweckeler Vereinsheim statt. Tagesordnung: 1. Feststellung der Beschlussf\u00e4higkeit der Versammlung 2. Allgemeiner Jahresbericht des Vorstandes und Bericht \u00fcber das laufende Gesch\u00e4ftsjahr 3. Jahresbericht Alte Herren 4. Jahresbericht Jugendabteilung 5. Jahresbericht Dartsabteilung 6. Kassenbericht 7. Bericht der Kassenpr\u00fcfer [&hellip;]<\/p>\n","protected":false},"author":3,"featured_media":14109,"comment_status":"open","ping_status":"closed","sticky":false,"template":"","format":"standard","meta":{"_jetpack_memberships_contains_paid_content":false,"footnotes":"","jetpack_publicize_message":"","jetpack_publicize_feature_enabled":true,"jetpack_social_post_already_shared":false,"jetpack_social_options":{"image_generator_settings":{"template":"highway","default_image_id":0,"font":"","enabled":false},"version":2}},"categories":[3],"tags":[],"class_list":["post-15457","post","type-post","status-publish","format-standard","has-post-thumbnail","hentry","category-allgemein"],"jetpack_publicize_connections":[],"jetpack_featured_media_url":"https:\/\/i0.wp.com\/www.svzweckel.de\/wp-content\/uploads\/2021\/10\/DSC00097.jpg?fit=800%2C533&ssl=1","jetpack_sharing_enabled":true,"_links":{"self":[{"href":"https:\/\/www.svzweckel.de\/index.php?rest_route=\/wp\/v2\/posts\/15457","targetHints":{"allow":["GET"]}}],"collection":[{"href":"https:\/\/www.svzweckel.de\/index.php?rest_route=\/wp\/v2\/posts"}],"about":[{"href":"https:\/\/www.svzweckel.de\/index.php?rest_route=\/wp\/v2\/types\/post"}],"author":[{"embeddable":true,"href":"https:\/\/www.svzweckel.de\/index.php?rest_route=\/wp\/v2\/users\/3"}],"replies":[{"embeddable":true,"href":"https:\/\/www.svzweckel.de\/index.php?rest_route=%2Fwp%2Fv2%2Fcomments&post=15457"}],"version-history":[{"count":0,"href":"https:\/\/www.svzweckel.de\/index.php?rest_route=\/wp\/v2\/posts\/15457\/revisions"}],"wp:featuredmedia":[{"embeddable":true,"href":"https:\/\/www.svzweckel.de\/index.php?rest_route=\/wp\/v2\/media\/14109"}],"wp:attachment":[{"href":"https:\/\/www.svzweckel.de\/index.php?rest_route=%2Fwp%2Fv2%2Fmedia&parent=15457"}],"wp:term":[{"taxonomy":"category","embeddable":true,"href":"https:\/\/www.svzweckel.de\/index.php?rest_route=%2Fwp%2Fv2%2Fcategories&post=15457"},{"taxonomy":"post_tag","embeddable":true,"href":"https:\/\/www.svzweckel.de\/index.php?rest_route=%2Fwp%2Fv2%2Ftags&post=15457"}],"curies":[{"name":"wp","href":"https:\/\/api.w.org\/{rel}","templated":true}]}}