{"id":15474,"date":"2023-03-03T13:26:16","date_gmt":"2023-03-03T12:26:16","guid":{"rendered":"https:\/\/www.svzweckel.de\/?p=15474"},"modified":"2023-03-03T13:26:18","modified_gmt":"2023-03-03T12:26:18","slug":"erste-heimspielsieg-in-2023-wird-angepeilt","status":"publish","type":"post","link":"https:\/\/www.svzweckel.de\/?p=15474","title":{"rendered":"Erste Heimspielsieg in 2023 wird angepeilt"},"content":{"rendered":"\n<p>Sonntag, 05.03.2023, 15:00 Uhr: SV Zweckel &#8211; RWT Herne<\/p>\n\n\n\n<p>Am kommenden Sonntag treffen die Tabellennachbarn der Pl\u00e4tze 11 und 10 aufeinander. <\/p>\n\n\n\n<p>RW T\u00fcrkspor Herne ist mit einem 3:1-Sieg am letzten Sonntag an den Zweckelern vorbeigezogen und hat nun zwei Punkte Vorsprung auf die Heimmannschaft. Nach einem 0:1-R\u00fcckstand drehten die Herner unter ma\u00dfgelblicher Beteiligung eines ehemaligen Zweckeler Spielers das Spiel gegen Genclikspor Recklinghausen. Serdar Yigit erzielte den Ausgleich und machte in der 84. Minute den Deckel drauf. In der Saison 2012\/13 spielte er unter Trainer G\u00fcnter Appelt in der Oberliga und verlie\u00df den Verein anschlie\u00dfend wieder Richtung Westfalia Herne. <\/p>\n\n\n\n<p>Der SV Zweckel lieferte vor allem in der 1. Halbzeit eine \u00fcberragende Leistung beim BV Rentfort ab und war kurz davor, den Rentfortern die erste Heimniederlage in der laufenden Saison zu bereiten. Sollten die Zweckeler insbesondere in der Abwehr stabil stehen, d\u00fcrfte der erste Dreier in der R\u00fcckserie machbar sein. Dadurch k\u00f6nnten sich die Zweckeler in der Tabelle auch wieder vor den Gegner schieben.<\/p>\n\n\n\n<p>Unter der Woche war der eine oder andere Spieler der Schwarz-Gr\u00fcnen gesundheitlich etwas angeschlagen, trotzdem war die Trainingsbeteiligung in Ordnung und das Trainergespann Appelt\/Reschke wird f\u00fcr Sonntag eine schlagkr\u00e4ftige Mannschaft zusammenstellen k\u00f6nnen. <\/p>\n","protected":false},"excerpt":{"rendered":"<p>Sonntag, 05.03.2023, 15:00 Uhr: SV Zweckel &#8211; RWT Herne Am kommenden Sonntag treffen die Tabellennachbarn der Pl\u00e4tze 11 und 10 aufeinander. RW T\u00fcrkspor Herne ist mit einem 3:1-Sieg am letzten Sonntag an den Zweckelern vorbeigezogen und hat nun zwei Punkte Vorsprung auf die Heimmannschaft. Nach einem 0:1-R\u00fcckstand drehten die Herner unter ma\u00dfgelblicher Beteiligung eines ehemaligen [&hellip;]<\/p>\n","protected":false},"author":3,"featured_media":15240,"comment_status":"open","ping_status":"closed","sticky":false,"template":"","format":"standard","meta":{"_jetpack_memberships_contains_paid_content":false,"footnotes":"","jetpack_publicize_message":"","jetpack_publicize_feature_enabled":true,"jetpack_social_post_already_shared":false,"jetpack_social_options":{"image_generator_settings":{"template":"highway","default_image_id":0,"font":"","enabled":false},"version":2}},"categories":[2],"tags":[],"class_list":["post-15474","post","type-post","status-publish","format-standard","has-post-thumbnail","hentry","category-1-mannschaft"],"jetpack_publicize_connections":[],"jetpack_featured_media_url":"https:\/\/i0.wp.com\/www.svzweckel.de\/wp-content\/uploads\/2022\/10\/dsc_12405231271330538008235-scaled.jpg?fit=2560%2C1440&ssl=1","jetpack_sharing_enabled":true,"_links":{"self":[{"href":"https:\/\/www.svzweckel.de\/index.php?rest_route=\/wp\/v2\/posts\/15474","targetHints":{"allow":["GET"]}}],"collection":[{"href":"https:\/\/www.svzweckel.de\/index.php?rest_route=\/wp\/v2\/posts"}],"about":[{"href":"https:\/\/www.svzweckel.de\/index.php?rest_route=\/wp\/v2\/types\/post"}],"author":[{"embeddable":true,"href":"https:\/\/www.svzweckel.de\/index.php?rest_route=\/wp\/v2\/users\/3"}],"replies":[{"embeddable":true,"href":"https:\/\/www.svzweckel.de\/index.php?rest_route=%2Fwp%2Fv2%2Fcomments&post=15474"}],"version-history":[{"count":0,"href":"https:\/\/www.svzweckel.de\/index.php?rest_route=\/wp\/v2\/posts\/15474\/revisions"}],"wp:featuredmedia":[{"embeddable":true,"href":"https:\/\/www.svzweckel.de\/index.php?rest_route=\/wp\/v2\/media\/15240"}],"wp:attachment":[{"href":"https:\/\/www.svzweckel.de\/index.php?rest_route=%2Fwp%2Fv2%2Fmedia&parent=15474"}],"wp:term":[{"taxonomy":"category","embeddable":true,"href":"https:\/\/www.svzweckel.de\/index.php?rest_route=%2Fwp%2Fv2%2Fcategories&post=15474"},{"taxonomy":"post_tag","embeddable":true,"href":"https:\/\/www.svzweckel.de\/index.php?rest_route=%2Fwp%2Fv2%2Ftags&post=15474"}],"curies":[{"name":"wp","href":"https:\/\/api.w.org\/{rel}","templated":true}]}}