{"id":15480,"date":"2023-03-06T09:58:17","date_gmt":"2023-03-06T08:58:17","guid":{"rendered":"https:\/\/www.svzweckel.de\/?p=15480"},"modified":"2023-03-07T11:20:07","modified_gmt":"2023-03-07T10:20:07","slug":"verdiente-niederlage","status":"publish","type":"post","link":"https:\/\/www.svzweckel.de\/?p=15480","title":{"rendered":"Verdiente Niederlage"},"content":{"rendered":"\n<p>SV Zweckel &#8211; RWT Herne 3:1 (2:1)<\/p>\n\n\n\n<p>Es wurde leider nichts aus dem ersten Heimspielsieg in der R\u00fcckrunde! Der SV Zweckel lie\u00df am Sonntag s\u00e4mtliche Tugenden vermissen, die ihn in den vorangegangenen Spielen ausgezeichnet hatten.<\/p>\n\n\n\n<p>Sebastian Hagemeister (5. gelbe Karte), Tarek el Meshai und Milad Sahebzada standen Trainer G\u00fcnter Appelt nicht zur Verf\u00fcgung und die erste Elf musste somit auf drei Positionen umgebaut werden. Das war insbesondere in der Defensive zu merken, denn der fehlende Kapit\u00e4n und Abwerchef Seppo Hagemeister wurde im gesamten Spiel schmerzlich vermisst. <\/p>\n\n\n\n<p>Bereits nach sechs Minuten gerieten die Zweckeler in R\u00fcckstand, als die Abwehr mit einem langen Ball \u00fcberspielt wurde und der Querpass durch den ehemaligen Zweckeler Serdar Yigit zum 0:1 f\u00fcr die G\u00e4ste verwandelt wurde. Danach wurde die Heimmannschaft zwar etwas munterer, geriet aber nach einem Standard schon in der 18. Minute mit 0:2 in R\u00fcckstand. <\/p>\n\n\n\n<p>Jonas Gerfen, der angeschlagen ins Spiel gegangen war, musste nach 28 Minuten das Feld verlassen. F\u00fcr ihn kam Malte Kulmer in die Mannschaft. Nach 40 Minuten stellte der Trainer auf eine Dreierette um und brachte mit Pascalis Terzis f\u00fcr Alexander H\u00fcsgen eine weitere Offensivkraft. <\/p>\n\n\n\n<p>Nur drei Minuten sp\u00e4ter wurde der agile Armand Lalo Penka Kouesso im Sechzehner gefoult und den f\u00e4lligen Elfmeter verwandelte Moritz Heidenreich sicher zum Anschlusstreffer.<\/p>\n\n\n\n<p>Nach der Pause suchten die Zweckeler ihr Gl\u00fcck weiterhin in der Offensive und wurden jedoch in der 60. Minute ausgekontert. Die G\u00e4ste erzielten das 1:3 und damit war die Partie entschieden, denn die Gastgeber waren an diesem Tag nicht in der Lage, die G\u00e4ste in Verlegenheit zu bringen und den Schalter noch umzulegen. <\/p>\n","protected":false},"excerpt":{"rendered":"<p>SV Zweckel &#8211; RWT Herne 3:1 (2:1) Es wurde leider nichts aus dem ersten Heimspielsieg in der R\u00fcckrunde! Der SV Zweckel lie\u00df am Sonntag s\u00e4mtliche Tugenden vermissen, die ihn in den vorangegangenen Spielen ausgezeichnet hatten. Sebastian Hagemeister (5. gelbe Karte), Tarek el Meshai und Milad Sahebzada standen Trainer G\u00fcnter Appelt nicht zur Verf\u00fcgung und die [&hellip;]<\/p>\n","protected":false},"author":3,"featured_media":15478,"comment_status":"open","ping_status":"closed","sticky":false,"template":"","format":"standard","meta":{"_jetpack_memberships_contains_paid_content":false,"footnotes":"","jetpack_publicize_message":"","jetpack_publicize_feature_enabled":true,"jetpack_social_post_already_shared":false,"jetpack_social_options":{"image_generator_settings":{"template":"highway","default_image_id":0,"font":"","enabled":false},"version":2}},"categories":[2],"tags":[],"class_list":["post-15480","post","type-post","status-publish","format-standard","has-post-thumbnail","hentry","category-1-mannschaft"],"jetpack_publicize_connections":[],"jetpack_featured_media_url":"https:\/\/i0.wp.com\/www.svzweckel.de\/wp-content\/uploads\/2023\/03\/wp-16780333401588822827134026648049-scaled.jpg?fit=2560%2C1440&ssl=1","jetpack_sharing_enabled":true,"_links":{"self":[{"href":"https:\/\/www.svzweckel.de\/index.php?rest_route=\/wp\/v2\/posts\/15480","targetHints":{"allow":["GET"]}}],"collection":[{"href":"https:\/\/www.svzweckel.de\/index.php?rest_route=\/wp\/v2\/posts"}],"about":[{"href":"https:\/\/www.svzweckel.de\/index.php?rest_route=\/wp\/v2\/types\/post"}],"author":[{"embeddable":true,"href":"https:\/\/www.svzweckel.de\/index.php?rest_route=\/wp\/v2\/users\/3"}],"replies":[{"embeddable":true,"href":"https:\/\/www.svzweckel.de\/index.php?rest_route=%2Fwp%2Fv2%2Fcomments&post=15480"}],"version-history":[{"count":0,"href":"https:\/\/www.svzweckel.de\/index.php?rest_route=\/wp\/v2\/posts\/15480\/revisions"}],"wp:featuredmedia":[{"embeddable":true,"href":"https:\/\/www.svzweckel.de\/index.php?rest_route=\/wp\/v2\/media\/15478"}],"wp:attachment":[{"href":"https:\/\/www.svzweckel.de\/index.php?rest_route=%2Fwp%2Fv2%2Fmedia&parent=15480"}],"wp:term":[{"taxonomy":"category","embeddable":true,"href":"https:\/\/www.svzweckel.de\/index.php?rest_route=%2Fwp%2Fv2%2Fcategories&post=15480"},{"taxonomy":"post_tag","embeddable":true,"href":"https:\/\/www.svzweckel.de\/index.php?rest_route=%2Fwp%2Fv2%2Ftags&post=15480"}],"curies":[{"name":"wp","href":"https:\/\/api.w.org\/{rel}","templated":true}]}}