{"id":15504,"date":"2023-03-08T07:59:55","date_gmt":"2023-03-08T06:59:55","guid":{"rendered":"https:\/\/www.svzweckel.de\/?p=15504"},"modified":"2023-04-12T11:41:49","modified_gmt":"2023-04-12T09:41:49","slug":"osterfeuer-am-karsamstag-2","status":"publish","type":"post","link":"https:\/\/www.svzweckel.de\/?p=15504","title":{"rendered":"Osterfeuer am Karsamstag"},"content":{"rendered":"\n<p>Traditon lebt!<\/p>\n\n\n\n<p>Der SV Zweckel l\u00e4dt am Samstag, dem 08.04.2022 ab 17:00 Uhr wieder zum traditionellen Osterfeuer ein.<\/p>\n\n\n\n<p>Wie in den vergangenen Jahren hoffen die Verantwortlichen des SV Zweckel, dass viele Besucher die Gelegenheit ergreifen, Vereinsmitglieder, \u201ealte\u201c Zweckeler, Nachbarn, Freunde und Bekannte zu treffen.<\/p>\n\n\n\n<p>Ab 17:00 Uhr beginnt die Ostereiersuche f\u00fcr Kinder bis 12 Jahre und nat\u00fcrlich sind der Bierwagen und der Grill ge\u00f6ffnet, um f\u00fcr das leibliche Wohl zu sorgen. <\/p>\n\n\n\n<p>Gegen 19:00 Uhr wird das Osterfeuer angez\u00fcndet. <\/p>\n\n\n\n<p>Der SV Zweckel und das Vereinsheimteam freuen sich auf Euch und hoffen, dass viele G\u00e4ste den Weg zur Platzanlage finden!<\/p>\n","protected":false},"excerpt":{"rendered":"<p>Traditon lebt! Der SV Zweckel l\u00e4dt am Samstag, dem 08.04.2022 ab 17:00 Uhr wieder zum traditionellen Osterfeuer ein. Wie in den vergangenen Jahren hoffen die Verantwortlichen des SV Zweckel, dass viele Besucher die Gelegenheit ergreifen, Vereinsmitglieder, \u201ealte\u201c Zweckeler, Nachbarn, Freunde und Bekannte zu treffen. Ab 17:00 Uhr beginnt die Ostereiersuche f\u00fcr Kinder bis 12 Jahre [&hellip;]<\/p>\n","protected":false},"author":3,"featured_media":4635,"comment_status":"open","ping_status":"closed","sticky":false,"template":"","format":"standard","meta":{"_jetpack_memberships_contains_paid_content":false,"footnotes":"","jetpack_publicize_message":"","jetpack_publicize_feature_enabled":true,"jetpack_social_post_already_shared":false,"jetpack_social_options":{"image_generator_settings":{"template":"highway","default_image_id":0,"font":"","enabled":false},"version":2}},"categories":[3],"tags":[],"class_list":["post-15504","post","type-post","status-publish","format-standard","has-post-thumbnail","hentry","category-allgemein"],"jetpack_publicize_connections":[],"jetpack_featured_media_url":"https:\/\/i0.wp.com\/www.svzweckel.de\/wp-content\/uploads\/2016\/03\/Osterfeuer.jpg?fit=1024%2C388&ssl=1","jetpack_sharing_enabled":true,"_links":{"self":[{"href":"https:\/\/www.svzweckel.de\/index.php?rest_route=\/wp\/v2\/posts\/15504","targetHints":{"allow":["GET"]}}],"collection":[{"href":"https:\/\/www.svzweckel.de\/index.php?rest_route=\/wp\/v2\/posts"}],"about":[{"href":"https:\/\/www.svzweckel.de\/index.php?rest_route=\/wp\/v2\/types\/post"}],"author":[{"embeddable":true,"href":"https:\/\/www.svzweckel.de\/index.php?rest_route=\/wp\/v2\/users\/3"}],"replies":[{"embeddable":true,"href":"https:\/\/www.svzweckel.de\/index.php?rest_route=%2Fwp%2Fv2%2Fcomments&post=15504"}],"version-history":[{"count":0,"href":"https:\/\/www.svzweckel.de\/index.php?rest_route=\/wp\/v2\/posts\/15504\/revisions"}],"wp:featuredmedia":[{"embeddable":true,"href":"https:\/\/www.svzweckel.de\/index.php?rest_route=\/wp\/v2\/media\/4635"}],"wp:attachment":[{"href":"https:\/\/www.svzweckel.de\/index.php?rest_route=%2Fwp%2Fv2%2Fmedia&parent=15504"}],"wp:term":[{"taxonomy":"category","embeddable":true,"href":"https:\/\/www.svzweckel.de\/index.php?rest_route=%2Fwp%2Fv2%2Fcategories&post=15504"},{"taxonomy":"post_tag","embeddable":true,"href":"https:\/\/www.svzweckel.de\/index.php?rest_route=%2Fwp%2Fv2%2Ftags&post=15504"}],"curies":[{"name":"wp","href":"https:\/\/api.w.org\/{rel}","templated":true}]}}