{"id":15508,"date":"2023-03-10T13:50:38","date_gmt":"2023-03-10T12:50:38","guid":{"rendered":"https:\/\/www.svzweckel.de\/?p=15508"},"modified":"2023-03-12T20:18:21","modified_gmt":"2023-03-12T19:18:21","slug":"schweres-spiel-in-guennigfeld","status":"publish","type":"post","link":"https:\/\/www.svzweckel.de\/?p=15508","title":{"rendered":"Schweres Spiel in G\u00fcnnigfeld"},"content":{"rendered":"\n<p>Sonntag, 12.03.23, 15:15 Uhr: VfB G\u00fcnnigfeld &#8211; SV Zweckel<\/p>\n\n\n\n<p>Nach der verdienten Niederlage gegen RWT Herne muss die Mannschaft von G\u00fcnter Appelt schnell wieder in die Spur kommen. Dabei wird insbesondere der Mannschaftskapit\u00e4n Sebastian Hagemeister eine wichtige Rolle spielen, denn am vergangenen Sonntag war sein Fehlen deutlich zu merken.<\/p>\n\n\n\n<p>Der in den letzten Wochen stark aufspielenden Marlon Boris steht dem Team leider nicht zur Verf\u00fcgung, denn er hat sich verletzt und wird l\u00e4ngerfristig ausfallen. <\/p>\n\n\n\n<p>Die Witterungslage hat in der laufenden Woche dazu gef\u00fchrt, dass Trainingseinheiten ausfallen mussten, so dass der Freitagabend hoffentlich zum Training auf Asche genutzt werden kann. In G\u00fcnnigfeld werden die Schwarz-Gr\u00fcnen n\u00e4mlich auch auf dem Hartplatz antreten m\u00fcssen und wollen zumindest einmal darauf trainiert haben. <\/p>\n","protected":false},"excerpt":{"rendered":"<p>Sonntag, 12.03.23, 15:15 Uhr: VfB G\u00fcnnigfeld &#8211; SV Zweckel Nach der verdienten Niederlage gegen RWT Herne muss die Mannschaft von G\u00fcnter Appelt schnell wieder in die Spur kommen. Dabei wird insbesondere der Mannschaftskapit\u00e4n Sebastian Hagemeister eine wichtige Rolle spielen, denn am vergangenen Sonntag war sein Fehlen deutlich zu merken. Der in den letzten Wochen stark [&hellip;]<\/p>\n","protected":false},"author":3,"featured_media":15479,"comment_status":"open","ping_status":"closed","sticky":false,"template":"","format":"standard","meta":{"_jetpack_memberships_contains_paid_content":false,"footnotes":"","jetpack_publicize_message":"","jetpack_publicize_feature_enabled":true,"jetpack_social_post_already_shared":false,"jetpack_social_options":{"image_generator_settings":{"template":"highway","default_image_id":0,"font":"","enabled":false},"version":2}},"categories":[20],"tags":[],"class_list":["post-15508","post","type-post","status-publish","format-standard","has-post-thumbnail","hentry","category-2-mannschaft"],"jetpack_publicize_connections":[],"jetpack_featured_media_url":"https:\/\/i0.wp.com\/www.svzweckel.de\/wp-content\/uploads\/2023\/03\/wp-16780333759469215306508079770550-scaled.jpg?fit=2560%2C1440&ssl=1","jetpack_sharing_enabled":true,"_links":{"self":[{"href":"https:\/\/www.svzweckel.de\/index.php?rest_route=\/wp\/v2\/posts\/15508","targetHints":{"allow":["GET"]}}],"collection":[{"href":"https:\/\/www.svzweckel.de\/index.php?rest_route=\/wp\/v2\/posts"}],"about":[{"href":"https:\/\/www.svzweckel.de\/index.php?rest_route=\/wp\/v2\/types\/post"}],"author":[{"embeddable":true,"href":"https:\/\/www.svzweckel.de\/index.php?rest_route=\/wp\/v2\/users\/3"}],"replies":[{"embeddable":true,"href":"https:\/\/www.svzweckel.de\/index.php?rest_route=%2Fwp%2Fv2%2Fcomments&post=15508"}],"version-history":[{"count":0,"href":"https:\/\/www.svzweckel.de\/index.php?rest_route=\/wp\/v2\/posts\/15508\/revisions"}],"wp:featuredmedia":[{"embeddable":true,"href":"https:\/\/www.svzweckel.de\/index.php?rest_route=\/wp\/v2\/media\/15479"}],"wp:attachment":[{"href":"https:\/\/www.svzweckel.de\/index.php?rest_route=%2Fwp%2Fv2%2Fmedia&parent=15508"}],"wp:term":[{"taxonomy":"category","embeddable":true,"href":"https:\/\/www.svzweckel.de\/index.php?rest_route=%2Fwp%2Fv2%2Fcategories&post=15508"},{"taxonomy":"post_tag","embeddable":true,"href":"https:\/\/www.svzweckel.de\/index.php?rest_route=%2Fwp%2Fv2%2Ftags&post=15508"}],"curies":[{"name":"wp","href":"https:\/\/api.w.org\/{rel}","templated":true}]}}