{"id":15528,"date":"2023-03-16T15:58:29","date_gmt":"2023-03-16T14:58:29","guid":{"rendered":"https:\/\/www.svzweckel.de\/?p=15528"},"modified":"2023-03-16T15:58:40","modified_gmt":"2023-03-16T14:58:40","slug":"derby-gegen-hassel-2","status":"publish","type":"post","link":"https:\/\/www.svzweckel.de\/?p=15528","title":{"rendered":"Derby gegen Hassel"},"content":{"rendered":"\n<p>Sonntag, 19.03.23, 15:00 Uhr: SV Zweckel \u2013 SC Hassel<\/p>\n\n\n\n<p>Der SV Zweckel ist durch den letzten Spieltag erstmalig in dieser Saison auf einen Abstiegsplatz gerutscht. Nat\u00fcrlich haben die Zweckeler ein Spiel weniger als die Konkurrenz abgeleistet, aber die Ausgangslage d\u00fcrfte jetzt jedem Schwarz-Gr\u00fcnen klar sein.<\/p>\n\n\n\n<p>Es ist an der Zeit zu punkten und die Abstiegsr\u00e4nge zu verlassen. Daf\u00fcr m\u00fcssen die Zweckeler jedoch ein besseres Heimspiel abliefern als vor zwei Wochen in der Partie gegen RWT Herne. Die G\u00e4ste waren an der Dorstener Stra\u00dfe aggressiver und zielstrebiger und gewannen verdient in Zweckel.<\/p>\n\n\n\n<p>Am Sonntag m\u00fcssen die Zweckeler gegen den Nachbarn aus Hassel alles in die Waage werfen, um als Sieger den Platz zu verlassen. Die G\u00e4ste konnten drei der letzten f\u00fcnf Partien gewinnen, spielten gegen Erle unentschieden und verloren nur gegen den Tabellenf\u00fchrer aus Disteln.<\/p>\n\n\n\n<p>Durch diese 10 Punkte belegt Hassel mit 27 Punkten nun den 11. Tabellenplatz und k\u00f6nnte mit einem Sieg den Abstand zum SV Zweckel deutlich vergr\u00f6\u00dfern. Das wollen die Zweckeler nat\u00fcrlich verhindern und m\u00fcssen wieder an die Leistung der ersten drei R\u00fcckrundenspiele ankn\u00fcpfen. Sollten die Zweckeler auch die letzten Minuten konzentriert zur Sache gehen, steht hoffentlich einem Dreier nichts mehr im Wege.<\/p>\n","protected":false},"excerpt":{"rendered":"<p>Sonntag, 19.03.23, 15:00 Uhr: SV Zweckel \u2013 SC Hassel Der SV Zweckel ist durch den letzten Spieltag erstmalig in dieser Saison auf einen Abstiegsplatz gerutscht. Nat\u00fcrlich haben die Zweckeler ein Spiel weniger als die Konkurrenz abgeleistet, aber die Ausgangslage d\u00fcrfte jetzt jedem Schwarz-Gr\u00fcnen klar sein. Es ist an der Zeit zu punkten und die Abstiegsr\u00e4nge [&hellip;]<\/p>\n","protected":false},"author":3,"featured_media":15527,"comment_status":"open","ping_status":"closed","sticky":false,"template":"","format":"standard","meta":{"_jetpack_memberships_contains_paid_content":false,"footnotes":"","jetpack_publicize_message":"","jetpack_publicize_feature_enabled":true,"jetpack_social_post_already_shared":false,"jetpack_social_options":{"image_generator_settings":{"template":"highway","default_image_id":0,"font":"","enabled":false},"version":2}},"categories":[2],"tags":[],"class_list":["post-15528","post","type-post","status-publish","format-standard","has-post-thumbnail","hentry","category-1-mannschaft"],"jetpack_publicize_connections":[],"jetpack_featured_media_url":"https:\/\/i0.wp.com\/www.svzweckel.de\/wp-content\/uploads\/2023\/03\/wp-16789762406496853836192703539098-scaled.jpg?fit=2560%2C1440&ssl=1","jetpack_sharing_enabled":true,"_links":{"self":[{"href":"https:\/\/www.svzweckel.de\/index.php?rest_route=\/wp\/v2\/posts\/15528","targetHints":{"allow":["GET"]}}],"collection":[{"href":"https:\/\/www.svzweckel.de\/index.php?rest_route=\/wp\/v2\/posts"}],"about":[{"href":"https:\/\/www.svzweckel.de\/index.php?rest_route=\/wp\/v2\/types\/post"}],"author":[{"embeddable":true,"href":"https:\/\/www.svzweckel.de\/index.php?rest_route=\/wp\/v2\/users\/3"}],"replies":[{"embeddable":true,"href":"https:\/\/www.svzweckel.de\/index.php?rest_route=%2Fwp%2Fv2%2Fcomments&post=15528"}],"version-history":[{"count":0,"href":"https:\/\/www.svzweckel.de\/index.php?rest_route=\/wp\/v2\/posts\/15528\/revisions"}],"wp:featuredmedia":[{"embeddable":true,"href":"https:\/\/www.svzweckel.de\/index.php?rest_route=\/wp\/v2\/media\/15527"}],"wp:attachment":[{"href":"https:\/\/www.svzweckel.de\/index.php?rest_route=%2Fwp%2Fv2%2Fmedia&parent=15528"}],"wp:term":[{"taxonomy":"category","embeddable":true,"href":"https:\/\/www.svzweckel.de\/index.php?rest_route=%2Fwp%2Fv2%2Fcategories&post=15528"},{"taxonomy":"post_tag","embeddable":true,"href":"https:\/\/www.svzweckel.de\/index.php?rest_route=%2Fwp%2Fv2%2Ftags&post=15528"}],"curies":[{"name":"wp","href":"https:\/\/api.w.org\/{rel}","templated":true}]}}